{"@context":"https:\/\/schema.org\/","@type":"CollectionPage","@id":"https:\/\/www.adarda.cz\/zbozi\/#CollectionPage","headline":"Zbo\u017e\u00ed Category","description":"","url":"https:\/\/www.adarda.cz\/zbozi\/","hasPart":[{"@type":"Article","@id":"https:\/\/www.adarda.cz\/cialis-a-jak-dokaze-pomoci-muzum-s-problemy-s-erekci\/","headline":"Cialis a jak dok\u00e1\u017ee pomoci mu\u017e\u016fm s probl\u00e9my s erekc\u00ed.","url":"https:\/\/www.adarda.cz\/cialis-a-jak-dokaze-pomoci-muzum-s-problemy-s-erekci\/","datePublished":"2024-05-17","dateModified":"2024-05-17","mainEntityOfPage":"https:\/\/www.adarda.cz\/cialis-a-jak-dokaze-pomoci-muzum-s-problemy-s-erekci\/","author":{"@type":"Person","@id":"https:\/\/www.adarda.cz\/author\/#Person","name":"","url":"https:\/\/www.adarda.cz\/author\/","identifier":1,"image":{"@type":"ImageObject","@id":"https:\/\/secure.gravatar.com\/avatar\/82449f5dd313bdc88befc1a2d3138ce45c5e7d5eeee84221e3cf7fbc184b80d3?s=96&d=mm&r=g","url":"https:\/\/secure.gravatar.com\/avatar\/82449f5dd313bdc88befc1a2d3138ce45c5e7d5eeee84221e3cf7fbc184b80d3?s=96&d=mm&r=g","height":96,"width":96}},"publisher":{"@type":"Organization","name":"adarda.cz","logo":{"@type":"ImageObject","@id":"\/logo.png","url":"\/logo.png","width":600,"height":60}},"image":{"@type":"ImageObject","@id":"https:\/\/www.adarda.cz\/wp-content\/uploads\/medications-1853400_640%20(3).jpg","url":"https:\/\/www.adarda.cz\/wp-content\/uploads\/medications-1853400_640%20(3).jpg","height":0,"width":0},"keywords":null},{"@type":"Article","@id":"https:\/\/www.adarda.cz\/stylovy-obal\/","headline":"Stylov\u00fd obal","url":"https:\/\/www.adarda.cz\/stylovy-obal\/","datePublished":"2024-05-17","dateModified":"2024-05-17","mainEntityOfPage":"https:\/\/www.adarda.cz\/stylovy-obal\/","author":{"@type":"Person","@id":"https:\/\/www.adarda.cz\/author\/#Person","name":"","url":"https:\/\/www.adarda.cz\/author\/","identifier":1,"image":{"@type":"ImageObject","@id":"https:\/\/secure.gravatar.com\/avatar\/82449f5dd313bdc88befc1a2d3138ce45c5e7d5eeee84221e3cf7fbc184b80d3?s=96&d=mm&r=g","url":"https:\/\/secure.gravatar.com\/avatar\/82449f5dd313bdc88befc1a2d3138ce45c5e7d5eeee84221e3cf7fbc184b80d3?s=96&d=mm&r=g","height":96,"width":96}},"publisher":{"@type":"Organization","name":"adarda.cz","logo":{"@type":"ImageObject","@id":"\/logo.png","url":"\/logo.png","width":600,"height":60}},"image":{"@type":"ImageObject","@id":"https:\/\/www.adarda.cz\/wp-content\/uploads\/laptop-5078698_1280_1.jpg","url":"https:\/\/www.adarda.cz\/wp-content\/uploads\/laptop-5078698_1280_1.jpg","height":0,"width":0},"keywords":null},{"@type":"Article","@id":"https:\/\/www.adarda.cz\/v-zime-se-musite-oblekat-teple\/","headline":"V zim\u011b se mus\u00edte obl\u00e9kat teple","url":"https:\/\/www.adarda.cz\/v-zime-se-musite-oblekat-teple\/","datePublished":"2024-04-17","dateModified":"2024-05-17","mainEntityOfPage":"https:\/\/www.adarda.cz\/v-zime-se-musite-oblekat-teple\/","author":{"@type":"Person","@id":"https:\/\/www.adarda.cz\/author\/#Person","name":"","url":"https:\/\/www.adarda.cz\/author\/","identifier":1,"image":{"@type":"ImageObject","@id":"https:\/\/secure.gravatar.com\/avatar\/82449f5dd313bdc88befc1a2d3138ce45c5e7d5eeee84221e3cf7fbc184b80d3?s=96&d=mm&r=g","url":"https:\/\/secure.gravatar.com\/avatar\/82449f5dd313bdc88befc1a2d3138ce45c5e7d5eeee84221e3cf7fbc184b80d3?s=96&d=mm&r=g","height":96,"width":96}},"publisher":{"@type":"Organization","name":"adarda.cz","logo":{"@type":"ImageObject","@id":"\/logo.png","url":"\/logo.png","width":600,"height":60}},"image":{"@type":"ImageObject","@id":"https:\/\/www.adarda.cz\/wp-content\/uploads\/pexels-simonmigaj-747470.jpg","url":"https:\/\/www.adarda.cz\/wp-content\/uploads\/pexels-simonmigaj-747470.jpg","height":0,"width":0},"keywords":null},{"@type":"Article","@id":"https:\/\/www.adarda.cz\/pro-dlouhe-letni-vecery\/","headline":"Pro dlouh\u00e9 letn\u00ed ve\u010dery","url":"https:\/\/www.adarda.cz\/pro-dlouhe-letni-vecery\/","datePublished":"2024-04-15","dateModified":"2024-04-15","mainEntityOfPage":"https:\/\/www.adarda.cz\/pro-dlouhe-letni-vecery\/","author":{"@type":"Person","@id":"https:\/\/www.adarda.cz\/author\/#Person","name":"","url":"https:\/\/www.adarda.cz\/author\/","identifier":1,"image":{"@type":"ImageObject","@id":"https:\/\/secure.gravatar.com\/avatar\/82449f5dd313bdc88befc1a2d3138ce45c5e7d5eeee84221e3cf7fbc184b80d3?s=96&d=mm&r=g","url":"https:\/\/secure.gravatar.com\/avatar\/82449f5dd313bdc88befc1a2d3138ce45c5e7d5eeee84221e3cf7fbc184b80d3?s=96&d=mm&r=g","height":96,"width":96}},"publisher":{"@type":"Organization","name":"adarda.cz","logo":{"@type":"ImageObject","@id":"\/logo.png","url":"\/logo.png","width":600,"height":60}},"image":{"@type":"ImageObject","@id":"https:\/\/www.adarda.cz\/wp-content\/uploads\/shisha-5220430_640_8.jpg","url":"https:\/\/www.adarda.cz\/wp-content\/uploads\/shisha-5220430_640_8.jpg","height":0,"width":0},"keywords":null},{"@type":"Article","@id":"https:\/\/www.adarda.cz\/tri-doplnky-ktere-byste-meli-mit-ve-svem-kamionu\/","headline":"T\u0159i dopl\u0148ky, kter\u00e9 byste m\u011bli m\u00edt ve sv\u00e9m kamionu","url":"https:\/\/www.adarda.cz\/tri-doplnky-ktere-byste-meli-mit-ve-svem-kamionu\/","datePublished":"2024-03-30","dateModified":"2024-05-13","mainEntityOfPage":"https:\/\/www.adarda.cz\/tri-doplnky-ktere-byste-meli-mit-ve-svem-kamionu\/","author":{"@type":"Person","@id":"https:\/\/www.adarda.cz\/author\/#Person","name":"","url":"https:\/\/www.adarda.cz\/author\/","identifier":1,"image":{"@type":"ImageObject","@id":"https:\/\/secure.gravatar.com\/avatar\/82449f5dd313bdc88befc1a2d3138ce45c5e7d5eeee84221e3cf7fbc184b80d3?s=96&d=mm&r=g","url":"https:\/\/secure.gravatar.com\/avatar\/82449f5dd313bdc88befc1a2d3138ce45c5e7d5eeee84221e3cf7fbc184b80d3?s=96&d=mm&r=g","height":96,"width":96}},"publisher":{"@type":"Organization","name":"adarda.cz","logo":{"@type":"ImageObject","@id":"\/logo.png","url":"\/logo.png","width":600,"height":60}},"image":{"@type":"ImageObject","@id":"https:\/\/www.adarda.cz\/wp-content\/uploads\/scow-1403262_640_1.jpg","url":"https:\/\/www.adarda.cz\/wp-content\/uploads\/scow-1403262_640_1.jpg","height":0,"width":0},"keywords":null},{"@type":"Article","@id":"https:\/\/www.adarda.cz\/novy-bazen\/","headline":"Nov\u00fd baz\u00e9n","url":"https:\/\/www.adarda.cz\/novy-bazen\/","datePublished":"2024-03-19","dateModified":"2024-04-19","mainEntityOfPage":"https:\/\/www.adarda.cz\/novy-bazen\/","author":{"@type":"Person","@id":"https:\/\/www.adarda.cz\/author\/#Person","name":"","url":"https:\/\/www.adarda.cz\/author\/","identifier":1,"image":{"@type":"ImageObject","@id":"https:\/\/secure.gravatar.com\/avatar\/82449f5dd313bdc88befc1a2d3138ce45c5e7d5eeee84221e3cf7fbc184b80d3?s=96&d=mm&r=g","url":"https:\/\/secure.gravatar.com\/avatar\/82449f5dd313bdc88befc1a2d3138ce45c5e7d5eeee84221e3cf7fbc184b80d3?s=96&d=mm&r=g","height":96,"width":96}},"publisher":{"@type":"Organization","name":"adarda.cz","logo":{"@type":"ImageObject","@id":"\/logo.png","url":"\/logo.png","width":600,"height":60}},"image":{"@type":"ImageObject","@id":"https:\/\/www.adarda.cz\/wp-content\/uploads\/female-885072_640.jpg","url":"https:\/\/www.adarda.cz\/wp-content\/uploads\/female-885072_640.jpg","height":0,"width":0},"keywords":null},{"@type":"Article","@id":"https:\/\/www.adarda.cz\/s-bazenem-si-uzijeme-poradnou-dovolenou-i-pred-domem\/","headline":"S baz\u00e9nem si u\u017eijeme po\u0159\u00e1dnou dovolenou i p\u0159ed domem","url":"https:\/\/www.adarda.cz\/s-bazenem-si-uzijeme-poradnou-dovolenou-i-pred-domem\/","datePublished":"2024-03-15","dateModified":"2024-04-15","mainEntityOfPage":"https:\/\/www.adarda.cz\/s-bazenem-si-uzijeme-poradnou-dovolenou-i-pred-domem\/","author":{"@type":"Person","@id":"https:\/\/www.adarda.cz\/author\/#Person","name":"","url":"https:\/\/www.adarda.cz\/author\/","identifier":1,"image":{"@type":"ImageObject","@id":"https:\/\/secure.gravatar.com\/avatar\/82449f5dd313bdc88befc1a2d3138ce45c5e7d5eeee84221e3cf7fbc184b80d3?s=96&d=mm&r=g","url":"https:\/\/secure.gravatar.com\/avatar\/82449f5dd313bdc88befc1a2d3138ce45c5e7d5eeee84221e3cf7fbc184b80d3?s=96&d=mm&r=g","height":96,"width":96}},"publisher":{"@type":"Organization","name":"adarda.cz","logo":{"@type":"ImageObject","@id":"\/logo.png","url":"\/logo.png","width":600,"height":60}},"image":{"@type":"ImageObject","@id":"https:\/\/www.adarda.cz\/wp-content\/uploads\/woman-6527238_640_10_10.jpg","url":"https:\/\/www.adarda.cz\/wp-content\/uploads\/woman-6527238_640_10_10.jpg","height":0,"width":0},"keywords":null},{"@type":"Article","@id":"https:\/\/www.adarda.cz\/vrtaky-nemaji-jen-valcovy-drik\/","headline":"Vrt\u00e1ky nemaj\u00ed jen v\u00e1lcov\u00fd d\u0159\u00edk","url":"https:\/\/www.adarda.cz\/vrtaky-nemaji-jen-valcovy-drik\/","datePublished":"2024-02-28","dateModified":"2024-03-28","mainEntityOfPage":"https:\/\/www.adarda.cz\/vrtaky-nemaji-jen-valcovy-drik\/","author":{"@type":"Person","@id":"https:\/\/www.adarda.cz\/author\/#Person","name":"","url":"https:\/\/www.adarda.cz\/author\/","identifier":1,"image":{"@type":"ImageObject","@id":"https:\/\/secure.gravatar.com\/avatar\/82449f5dd313bdc88befc1a2d3138ce45c5e7d5eeee84221e3cf7fbc184b80d3?s=96&d=mm&r=g","url":"https:\/\/secure.gravatar.com\/avatar\/82449f5dd313bdc88befc1a2d3138ce45c5e7d5eeee84221e3cf7fbc184b80d3?s=96&d=mm&r=g","height":96,"width":96}},"publisher":{"@type":"Organization","name":"adarda.cz","logo":{"@type":"ImageObject","@id":"\/logo.png","url":"\/logo.png","width":600,"height":60}},"image":{"@type":"ImageObject","@id":"https:\/\/www.adarda.cz\/wp-content\/uploads\/carpenter-5002695_640.jpg","url":"https:\/\/www.adarda.cz\/wp-content\/uploads\/carpenter-5002695_640.jpg","height":0,"width":0},"keywords":null},{"@type":"Article","@id":"https:\/\/www.adarda.cz\/vysoke-podpatky\/","headline":"Vysok\u00e9 podpatky","url":"https:\/\/www.adarda.cz\/vysoke-podpatky\/","datePublished":"2024-02-27","dateModified":"2024-03-27","mainEntityOfPage":"https:\/\/www.adarda.cz\/vysoke-podpatky\/","author":{"@type":"Person","@id":"https:\/\/www.adarda.cz\/author\/#Person","name":"","url":"https:\/\/www.adarda.cz\/author\/","identifier":1,"image":{"@type":"ImageObject","@id":"https:\/\/secure.gravatar.com\/avatar\/82449f5dd313bdc88befc1a2d3138ce45c5e7d5eeee84221e3cf7fbc184b80d3?s=96&d=mm&r=g","url":"https:\/\/secure.gravatar.com\/avatar\/82449f5dd313bdc88befc1a2d3138ce45c5e7d5eeee84221e3cf7fbc184b80d3?s=96&d=mm&r=g","height":96,"width":96}},"publisher":{"@type":"Organization","name":"adarda.cz","logo":{"@type":"ImageObject","@id":"\/logo.png","url":"\/logo.png","width":600,"height":60}},"image":{"@type":"ImageObject","@id":"https:\/\/www.adarda.cz\/wp-content\/uploads\/legs-2039552_1280_2.jpg","url":"https:\/\/www.adarda.cz\/wp-content\/uploads\/legs-2039552_1280_2.jpg","height":0,"width":0},"keywords":null},{"@type":"Article","@id":"https:\/\/www.adarda.cz\/erekce-jako-novy-zacatek-zlepseni\/","headline":"Erekce jako nov\u00fd za\u010d\u00e1tek zlep\u0161en\u00ed","url":"https:\/\/www.adarda.cz\/erekce-jako-novy-zacatek-zlepseni\/","datePublished":"2024-02-15","dateModified":"2024-05-29","mainEntityOfPage":"https:\/\/www.adarda.cz\/erekce-jako-novy-zacatek-zlepseni\/","author":{"@type":"Person","@id":"https:\/\/www.adarda.cz\/author\/#Person","name":"","url":"https:\/\/www.adarda.cz\/author\/","identifier":1,"image":{"@type":"ImageObject","@id":"https:\/\/secure.gravatar.com\/avatar\/82449f5dd313bdc88befc1a2d3138ce45c5e7d5eeee84221e3cf7fbc184b80d3?s=96&d=mm&r=g","url":"https:\/\/secure.gravatar.com\/avatar\/82449f5dd313bdc88befc1a2d3138ce45c5e7d5eeee84221e3cf7fbc184b80d3?s=96&d=mm&r=g","height":96,"width":96}},"publisher":{"@type":"Organization","name":"adarda.cz","logo":{"@type":"ImageObject","@id":"\/logo.png","url":"\/logo.png","width":600,"height":60}},"image":{"@type":"ImageObject","@id":"https:\/\/www.adarda.cz\/wp-content\/uploads\/portrait-3113651_1280_4.jpg","url":"https:\/\/www.adarda.cz\/wp-content\/uploads\/portrait-3113651_1280_4.jpg","height":0,"width":0},"keywords":null}]}