[{"@context":"https:\/\/schema.org\/","@type":"Article","@id":"https:\/\/www.adarda.cz\/v-zime-se-musite-oblekat-teple\/#Article","mainEntityOfPage":"https:\/\/www.adarda.cz\/v-zime-se-musite-oblekat-teple\/","headline":"V zim\u011b se mus\u00edte obl\u00e9kat teple","name":"V zim\u011b se mus\u00edte obl\u00e9kat teple","description":"Kdy\u017e je ta zima, je prost\u011b zima. J\u00e1 zimu doslova nesn\u00e1\u0161\u00edm. Ale i tak si na n\u00ed v\u017edycky dok\u00e1\u017eu (nebo se o to alespo\u0148 sna\u017e\u00edm) naj\u00edt n\u011bco pozitivn\u00edho. Nap\u0159\u00edklad to, \u017ee v zim\u011b jsou V\u00e1noce, a to je m\u016fj obl\u00edben\u00fd sv\u00e1tek, kdy se sch\u00e1z\u00edme cel\u00e1 rodina a tr\u00e1v\u00edme spole\u010dn\u011b \u010das, a to je mnohem kr\u00e1sn\u011bj\u0161\u00ed [&hellip;]","datePublished":"2024-04-17","dateModified":"2024-05-17","author":{"@type":"Person","@id":"https:\/\/www.adarda.cz\/author\/#Person","name":"","url":"https:\/\/www.adarda.cz\/author\/","identifier":1,"image":{"@type":"ImageObject","@id":"https:\/\/secure.gravatar.com\/avatar\/82449f5dd313bdc88befc1a2d3138ce45c5e7d5eeee84221e3cf7fbc184b80d3?s=96&d=mm&r=g","url":"https:\/\/secure.gravatar.com\/avatar\/82449f5dd313bdc88befc1a2d3138ce45c5e7d5eeee84221e3cf7fbc184b80d3?s=96&d=mm&r=g","height":96,"width":96}},"publisher":{"@type":"Organization","name":"adarda.cz","logo":{"@type":"ImageObject","@id":"\/logo.png","url":"\/logo.png","width":600,"height":60}},"image":{"@type":"ImageObject","@id":"https:\/\/www.adarda.cz\/wp-content\/uploads\/pexels-simonmigaj-747470.jpg","url":"https:\/\/www.adarda.cz\/wp-content\/uploads\/pexels-simonmigaj-747470.jpg","height":0,"width":0},"url":"https:\/\/www.adarda.cz\/v-zime-se-musite-oblekat-teple\/","about":["Zbo\u017e\u00ed"],"wordCount":423,"articleBody":"   Kdy\u017e je ta zima, je prost\u011b zima. J\u00e1 zimu doslova nesn\u00e1\u0161\u00edm. Ale i tak si na n\u00ed v\u017edycky dok\u00e1\u017eu (nebo se o to alespo\u0148 sna\u017e\u00edm) naj\u00edt n\u011bco pozitivn\u00edho. Nap\u0159\u00edklad to, \u017ee v zim\u011b jsou V\u00e1noce, a to je m\u016fj obl\u00edben\u00fd sv\u00e1tek, kdy se sch\u00e1z\u00edme cel\u00e1 rodina a tr\u00e1v\u00edme spole\u010dn\u011b \u010das, a to je mnohem kr\u00e1sn\u011bj\u0161\u00ed ne\u017e d\u00e1rky. Abych se ale vr\u00e1tila k t\u00e9matu&#8230; I v zim\u011b \u010dlov\u011bk chod\u00ed ven. A mus\u00ed tomu samoz\u0159ejm\u011b p\u0159izp\u016fsobit i svoje oble\u010den\u00ed. Nem\u016f\u017ee se obl\u00e9kat jak v l\u00e9t\u011b, kdy je plno stup\u0148\u016f a m\u016f\u017ee j\u00edt venku klidn\u011b v kr\u00e1tk\u00e9m t\u00edlku a v \u0161ortk\u00e1ch. Kdepak, v zim\u011b se mus\u00edte obl\u00e9kat \u00fapln\u011b jinak a tepleji. Z\u00e1le\u017e\u00ed podle toho, kolik je stup\u0148\u016f, ale m\u011bli byste si sehnat na zimu kvalitn\u00ed vesty a bundy C-store &#8211; takov\u00e9, kter\u00e9 v\u00e1s kr\u00e1sn\u011b zah\u0159ej\u00ed, budou p\u011bkn\u011b zateplen\u00e9 a nebude v\u00e1m v nich zima. Naopak \u2013 m\u011blo by v\u00e1m b\u00fdt p\u011bkn\u011b teplo, proto\u017ee kdy\u017e v\u00e1m teplo nebude, tak nastydnete a budete nemocn\u00ed. A kde takov\u00e9 bundy a vesty sehnat? No v ka\u017ed\u00e9m kamenn\u00e9m obchod\u011b s oble\u010den\u00edm. Anebo m\u00e1te mo\u017enost si bundy objednat i z e-shopu. Jak\u00e9ho? To se dozv\u00edte u\u017e za chvili\u010dku. Pr\u00e1v\u011b obchod C-store toti\u017e nab\u00edz\u00ed kvalitn\u00ed bundy a vesty. U\u017e jsem si od nich tak\u00e9 p\u00e1r v\u011bc\u00ed objedn\u00e1vala a m\u00e1m s nimi sv\u00e9 vlastn\u00ed zku\u0161enosti. A jsou hodn\u011b pozitivn\u00ed.Up\u0159\u00edmn\u011b jsem ani ne\u010dekala, \u017ee oble\u010den\u00ed od nich bude a\u017e tak kvalitn\u00ed. Jejich kvalitu jsem si ale mohla ov\u011b\u0159it \u00fapln\u011b jednodu\u0161e, nic slo\u017eit\u00e9ho v tom nehledejte. Vydala jsem se ven s jejich zateplenou bundou a m\u016f\u017eu v\u00e1m \u0159\u00edct, \u017ee to byla bomba. Tak teplo v zim\u011b mi je\u0161t\u011b nebylo. Ano, j\u00e1 v\u00edm, zn\u00ed to komicky, ale p\u0159esn\u011b tak to m\u00e1 b\u00fdt. A jejich bundy a vesty sv\u016fj \u00fa\u010del pln\u00ed dokonale. Jsem naprosto nad\u0161en\u00e1 a kone\u010dn\u011b se neboj\u00edm chodit ven i v zim\u011b. A jejich oble\u010den\u00ed mi proch\u00e1zky zp\u0159\u00edjem\u0148uje. Tak\u017ee pro v\u0161echny, kte\u0159\u00ed sh\u00e1n\u011bj\u00ed n\u011bjak\u00e9 tepl\u00e9 zimn\u00ed oble\u010den\u00ed: mrkn\u011bte na jejich e-shop, objednejte si a uvid\u00edte, \u017ee nebudete litovat.                                                                                                                                                                                                                                                                                                                                                                                           4.3\/5 - (9 votes)        "},{"@context":"https:\/\/schema.org\/","@type":"BreadcrumbList","itemListElement":[{"@type":"ListItem","position":1,"name":"V zim\u011b se mus\u00edte obl\u00e9kat teple","item":"https:\/\/www.adarda.cz\/v-zime-se-musite-oblekat-teple\/#breadcrumbitem"}]}]