[{"@context":"https:\/\/schema.org\/","@type":"Article","@id":"https:\/\/www.adarda.cz\/s-bazenem-si-uzijeme-poradnou-dovolenou-i-pred-domem\/#Article","mainEntityOfPage":"https:\/\/www.adarda.cz\/s-bazenem-si-uzijeme-poradnou-dovolenou-i-pred-domem\/","headline":"S baz\u00e9nem si u\u017eijeme po\u0159\u00e1dnou dovolenou i p\u0159ed domem","name":"S baz\u00e9nem si u\u017eijeme po\u0159\u00e1dnou dovolenou i p\u0159ed domem","description":"Popravd\u011b v\u00e1m \u0159eknu, j\u00e1 u\u017e se nem\u016f\u017eu do\u010dkat, jak opravdu si u\u017eiju dne\u0161n\u00ed letn\u00ed dovolenou, proto\u017ee jsem se rozhodla, \u017ee u\u017e leto\u0161n\u00ed dovolenou nechci str\u00e1vit n\u011bkde v zahrani\u010d\u00ed a cestovat letadlem, vlakem ani autobusem. Proto\u017ee letos bych si cht\u011bla dovolenou opravdu naprosto u\u017e\u00edt \u00fapln\u011b jin\u00fdm stylem, a to t\u00edm, \u017ee prost\u011b budu doma. Proto\u017ee u\u017e [&hellip;]","datePublished":"2024-03-15","dateModified":"2024-04-15","author":{"@type":"Person","@id":"https:\/\/www.adarda.cz\/author\/#Person","name":"","url":"https:\/\/www.adarda.cz\/author\/","identifier":1,"image":{"@type":"ImageObject","@id":"https:\/\/secure.gravatar.com\/avatar\/82449f5dd313bdc88befc1a2d3138ce45c5e7d5eeee84221e3cf7fbc184b80d3?s=96&d=mm&r=g","url":"https:\/\/secure.gravatar.com\/avatar\/82449f5dd313bdc88befc1a2d3138ce45c5e7d5eeee84221e3cf7fbc184b80d3?s=96&d=mm&r=g","height":96,"width":96}},"publisher":{"@type":"Organization","name":"adarda.cz","logo":{"@type":"ImageObject","@id":"\/logo.png","url":"\/logo.png","width":600,"height":60}},"image":{"@type":"ImageObject","@id":"https:\/\/www.adarda.cz\/wp-content\/uploads\/woman-6527238_640_10_10.jpg","url":"https:\/\/www.adarda.cz\/wp-content\/uploads\/woman-6527238_640_10_10.jpg","height":0,"width":0},"url":"https:\/\/www.adarda.cz\/s-bazenem-si-uzijeme-poradnou-dovolenou-i-pred-domem\/","about":["Zbo\u017e\u00ed"],"wordCount":422,"articleBody":"   Popravd\u011b v\u00e1m \u0159eknu, j\u00e1 u\u017e se nem\u016f\u017eu do\u010dkat, jak opravdu si u\u017eiju dne\u0161n\u00ed letn\u00ed dovolenou, proto\u017ee jsem se rozhodla, \u017ee u\u017e leto\u0161n\u00ed dovolenou nechci str\u00e1vit n\u011bkde v zahrani\u010d\u00ed a cestovat letadlem, vlakem ani autobusem. Proto\u017ee letos bych si cht\u011bla dovolenou opravdu naprosto u\u017e\u00edt \u00fapln\u011b jin\u00fdm stylem, a to t\u00edm, \u017ee prost\u011b budu doma. Proto\u017ee u\u017e jsem si napl\u00e1novala svoji dovolenou a ka\u017edoro\u010dn\u011b prost\u011b n\u011bkam jezd\u00edm, a u\u017e jsem se rozhodla, \u017ee tento rok prost\u011b to ud\u011bl\u00e1m \u00fapln\u011b jinak. Proto\u017ee to cestov\u00e1n\u00ed opravdu n\u011bkdy je velice n\u00e1ro\u010dn\u00e9, komplikovan\u00e9, po\u0159\u00e1d jsou n\u011bjak\u00e1 zpo\u017ed\u011bn\u00ed t\u011bch spoj\u016f, a opravdu u\u017e je to takov\u00e9, a\u017e u\u017e m\u011b to nebav\u00ed, a ta doprava se i tak mnohem v\u00edc zhor\u0161uje.A j\u00e1 u\u017e jsem se rozhodla, \u017ee prost\u011b chci m\u00edt takov\u00fd ten sv\u016fj klid, a chci si opravdu leto\u0161n\u00ed dovolenou u\u017e\u00edt tro\u0161ku jin\u00fdm stylem. Ur\u010dit\u011b se pt\u00e1te, jak bych si cht\u011bla takovou dovolenou u\u017e\u00edt. Rozhodn\u011b bych si j\u00ed cht\u011bla u\u017e\u00edt tak, \u017ee budu opravdu relaxovat na zahrad\u011b. Asi si \u0159\u00edk\u00e1te, \u017ee takov\u00e1 dovolen\u00e1 bude nic moc, ale opravdu takovou dovolenou na zahrad\u011b si m\u016f\u017eete mnohem v\u00edc u\u017e\u00edt bez stresu, a s mnohem lep\u0161\u00ed n\u00e1ladou. A opravdu nemus\u00edte se nikde hn\u00e1t, co\u017e je opravdu velice super. Ale rozhodn\u011b, co bych si cht\u011bla po\u0159\u00eddit na zahradu, tak je plastov\u00fd baz\u00e9n do zem\u011b.Proto\u017ee j\u00e1 se popravd\u011b p\u0159izn\u00e1m, j\u00e1 sice zahradu m\u00e1m, ale baz\u00e9n jsem tam v\u017edycky m\u011bla takov\u00fd ten nafukovac\u00ed. Ale letos prost\u011b jsem se rozhodla, \u017ee si d\u00e1m na zahradu plastov\u00fd baz\u00e9n do zem\u011b, kter\u00fd prost\u011b u\u017e m\u00e1m tro\u0161ku zrealizovan\u00fd, a u\u017e se bude d\u00e1vat na tu zahradu. Tak\u017ee u\u017e se v\u0161echno p\u0159ipravuje, a opravdu si chci leto\u0161n\u00ed dovolenou u\u017e\u00edt \u00fapln\u011b jin\u00fdm stylem, proto\u017ee si mysl\u00edm, \u017ee je to super, kdy\u017e opravdu se ud\u011bl\u00e1 ta zm\u011bna a nebude po\u0159\u00e1d ten st\u00e1l\u00fd stereotyp, \u017ee bych po\u0159\u00e1d m\u011bla jezdit n\u011bkam na dovolenou. Tak\u017ee rozhodn\u011b klidn\u011b si vezm\u011bte ze m\u011b p\u0159\u00edklad a zkuste to taky, proto\u017ee uvid\u00edte, \u017ee nakonec si odpo\u010dinete mnohem v\u00edc, ne\u017e kdy\u017e opravdu cestujete n\u011bkam do zahrani\u010d\u00ed.                                                                                                                                                                                                                                                                                                                                                                                          4.5\/5 - (12 votes)        "},{"@context":"https:\/\/schema.org\/","@type":"BreadcrumbList","itemListElement":[{"@type":"ListItem","position":1,"name":"S baz\u00e9nem si u\u017eijeme po\u0159\u00e1dnou dovolenou i p\u0159ed domem","item":"https:\/\/www.adarda.cz\/s-bazenem-si-uzijeme-poradnou-dovolenou-i-pred-domem\/#breadcrumbitem"}]}]