[{"@context":"https:\/\/schema.org\/","@type":"Article","@id":"https:\/\/www.adarda.cz\/pujcky-nejsou-nemenne\/#Article","mainEntityOfPage":"https:\/\/www.adarda.cz\/pujcky-nejsou-nemenne\/","headline":"P\u016fj\u010dky nejsou nem\u011bnn\u00e9","name":"P\u016fj\u010dky nejsou nem\u011bnn\u00e9","description":"Lid\u00e9, kte\u0159\u00ed si berou p\u016fj\u010dky, tak logicky \u010din\u00ed nejen s \u00famyslem z\u00edskat pen\u00edze, kter\u00e9 zrovna postr\u00e1daj\u00ed, ale i s logick\u00fdm \u00famyslem na tom co nejm\u00e9n\u011b tratit. Proto\u017ee je v\u0161eobecn\u011b zn\u00e1mo, \u017ee nejsou nab\u00edzej\u00edc\u00ed se p\u016fj\u010dky jedna jako druh\u00e1, a tak jsou n\u011bkter\u00e9 levn\u011bj\u0161\u00ed a jin\u00e9 dra\u017e\u0161\u00ed a n\u011bkter\u00e9 se t\u0159eba v\u00fdhodn\u011bji spl\u00e1cej\u00ed, zat\u00edmco u jin\u00fdch [&hellip;]","datePublished":"2021-12-31","dateModified":"2021-12-31","author":{"@type":"Person","@id":"https:\/\/www.adarda.cz\/author\/#Person","name":"","url":"https:\/\/www.adarda.cz\/author\/","identifier":1,"image":{"@type":"ImageObject","@id":"https:\/\/secure.gravatar.com\/avatar\/82449f5dd313bdc88befc1a2d3138ce45c5e7d5eeee84221e3cf7fbc184b80d3?s=96&d=mm&r=g","url":"https:\/\/secure.gravatar.com\/avatar\/82449f5dd313bdc88befc1a2d3138ce45c5e7d5eeee84221e3cf7fbc184b80d3?s=96&d=mm&r=g","height":96,"width":96}},"publisher":{"@type":"Organization","name":"adarda.cz","logo":{"@type":"ImageObject","@id":"\/logo.png","url":"\/logo.png","width":600,"height":60}},"image":{"@type":"ImageObject","@id":"https:\/\/www.adarda.cz\/wp-content\/uploads\/eura%20mince_10_10_10_10_10_6.jpg","url":"https:\/\/www.adarda.cz\/wp-content\/uploads\/eura%20mince_10_10_10_10_10_6.jpg","height":0,"width":0},"url":"https:\/\/www.adarda.cz\/pujcky-nejsou-nemenne\/","about":["Online"],"wordCount":467,"articleBody":"   Lid\u00e9, kte\u0159\u00ed si berou p\u016fj\u010dky, tak logicky \u010din\u00ed nejen s \u00famyslem z\u00edskat pen\u00edze, kter\u00e9 zrovna postr\u00e1daj\u00ed, ale i s logick\u00fdm \u00famyslem na tom co nejm\u00e9n\u011b tratit. Proto\u017ee je v\u0161eobecn\u011b zn\u00e1mo, \u017ee nejsou nab\u00edzej\u00edc\u00ed se p\u016fj\u010dky jedna jako druh\u00e1, a tak jsou n\u011bkter\u00e9 levn\u011bj\u0161\u00ed a jin\u00e9 dra\u017e\u0161\u00ed a n\u011bkter\u00e9 se t\u0159eba v\u00fdhodn\u011bji spl\u00e1cej\u00ed, zat\u00edmco u jin\u00fdch to m\u016f\u017ee b\u00fdt t\u0159eba i hodn\u011b n\u00e1ro\u010dn\u00e9.Kdy\u017e si tedy n\u011bkdo pot\u0159ebuje p\u016fj\u010dit, vybere si to, co mu p\u0159ipad\u00e1 nejv\u00fdhodn\u011bj\u0161\u00ed. A m\u00e1 to, co cht\u011bl.Jen\u017ee \u010das plyne a nejednou se m\u016f\u017ee uk\u00e1zat, \u017ee to nebyla pr\u00e1v\u011b ta nej\u0161\u0165astn\u011bj\u0161\u00ed volba. Proto\u017ee nov\u00e1 doba m\u016f\u017ee p\u0159in\u00e9st nov\u00e9 nab\u00eddky, je\u017e mohou b\u00fdt je\u0161t\u011b p\u0159\u00edzniv\u011bj\u0161\u00ed, anebo se st\u00e1vaj\u00edc\u00ed dobr\u00e1 p\u016fj\u010dka m\u016f\u017ee za\u010d\u00edt po konci fixace prodra\u017eovat. A ten, kdo tedy spl\u00e1c\u00ed, tak m\u00e1 t\u0159eba i slzy na kraj\u00ed\u010dku. Kdyby tenkr\u00e1t v\u011bd\u011bl, \u017ee se mu nab\u00eddne n\u011bco je\u0161t\u011b lep\u0161\u00edho, t\u0159eba by si po\u010dkal nebo\u2026Jen\u017ee to u\u017e je nejednou pozd\u011b. To u\u017e je pozd\u011b bycha honit, proto\u017ee p\u016fj\u010dka u\u017e byla podeps\u00e1na, schv\u00e1lena a vyplacena, a nyn\u00ed se tedy mus\u00ed podle dohodnut\u00fdch podm\u00ednek spl\u00e1cet.Jen\u017ee se tu n\u011bkdy najde i \u0161petka toho pozitivn\u00edho. A to t\u0159eba to, \u017ee je n\u011bkdy podle dan\u00fdch podm\u00ednek mo\u017en\u00e9 i refinancovat.Takov\u00e9 refinancov\u00e1n\u00ed hypot\u00e9ky fahd.cz v podstat\u011b znamen\u00e1 v\u00fdm\u011bnu jedn\u00e9 p\u016fj\u010dky za jinou. Pokud to jde, dohodne se dlu\u017en\u00edk s poskytovatelem levn\u011bj\u0161\u00ed p\u016fj\u010dky na tom, \u017ee by si ji vzal, aby ji vyu\u017eil ke splacen\u00ed p\u016fj\u010dky dosavadn\u00ed. \u010clov\u011bk si vezme novou p\u016fj\u010dku a z t\u00e9 zaplat\u00ed tu starou se v\u0161\u00edm v\u0161udy a skoncuje s n\u00ed. Co\u017e sice p\u0159ipom\u00edn\u00e1 obvykle negativn\u011b vn\u00edman\u00e9 vytlouk\u00e1n\u00ed kl\u00ednu kl\u00ednem, jen\u017ee v tomto p\u0159\u00edpad\u011b jde o \u010dinnost rozumnou, nerizikovou. Proto\u017ee si t\u00edm dlu\u017en\u00edk svou pozici zlep\u0161uje a ne naopak.Ten, kdo vym\u011bn\u00ed nev\u00fdhodnou p\u016fj\u010dku za v\u00fdhodn\u011bj\u0161\u00ed, tak z\u00edsk\u00e1 t\u0159eba mo\u017enost platit ni\u017e\u0161\u00ed \u00faroky a poplatky, m\u016f\u017ee ale z\u00edskat t\u0159eba i vhodn\u011bj\u0161\u00ed d\u00e9lku spl\u00e1cen\u00ed a v\u00fd\u0161i spl\u00e1tek, p\u0159\u00edpadn\u011b si formou nov\u00e9 p\u016fj\u010dky p\u016fj\u010dit v\u00edc pen\u011bz ne\u017e prve. A t\u00edm si prost\u011b polep\u0161\u00ed.                                                                                                                                                                                                                                                                                                                                                                                          4.7\/5 - (7 votes)        "},{"@context":"https:\/\/schema.org\/","@type":"BreadcrumbList","itemListElement":[{"@type":"ListItem","position":1,"name":"P\u016fj\u010dky nejsou nem\u011bnn\u00e9","item":"https:\/\/www.adarda.cz\/pujcky-nejsou-nemenne\/#breadcrumbitem"}]}]