[{"@context":"https:\/\/schema.org\/","@type":"Article","@id":"https:\/\/www.adarda.cz\/nejste-v-cesku-spokojeni\/#Article","mainEntityOfPage":"https:\/\/www.adarda.cz\/nejste-v-cesku-spokojeni\/","headline":"Nejste v \u010cesku spokojen\u00ed?","name":"Nejste v \u010cesku spokojen\u00ed?","description":"\u010cesk\u00e1 republika je sice v m\u00edrn\u00e9m podnebn\u00e9m p\u00e1su, ale posledn\u00ed roky jsou zde velk\u00e9 teplotn\u00ed v\u00fdkyvy. Zima je del\u0161\u00ed, v l\u00e9t\u011b jsou teploty st\u00e1le vy\u0161\u0161\u00ed. Jsou to ale hlavn\u011b dlouh\u00e9 zimy, kter\u00e9 nut\u00ed \u010d\u00e1st lid\u00ed uva\u017eovat nad zm\u011bnou bydli\u0161t\u011b. V\u011bt\u0161ina lid\u00ed si toti\u017e ka\u017ed\u00fd rok neodpust\u00ed zahrani\u010dn\u00ed dovolenou u mo\u0159e, proto\u017ee si cht\u011bj\u00ed u\u017e\u00edt mo\u0159e [&hellip;]","datePublished":"2024-03-29","dateModified":"2024-04-29","author":{"@type":"Person","@id":"https:\/\/www.adarda.cz\/author\/#Person","name":"","url":"https:\/\/www.adarda.cz\/author\/","identifier":1,"image":{"@type":"ImageObject","@id":"https:\/\/secure.gravatar.com\/avatar\/82449f5dd313bdc88befc1a2d3138ce45c5e7d5eeee84221e3cf7fbc184b80d3?s=96&d=mm&r=g","url":"https:\/\/secure.gravatar.com\/avatar\/82449f5dd313bdc88befc1a2d3138ce45c5e7d5eeee84221e3cf7fbc184b80d3?s=96&d=mm&r=g","height":96,"width":96}},"publisher":{"@type":"Organization","name":"adarda.cz","logo":{"@type":"ImageObject","@id":"\/logo.png","url":"\/logo.png","width":600,"height":60}},"image":{"@type":"ImageObject","@id":"https:\/\/www.adarda.cz\/wp-content\/uploads\/split-1585464_640_10_10_10_7.jpg","url":"https:\/\/www.adarda.cz\/wp-content\/uploads\/split-1585464_640_10_10_10_7.jpg","height":0,"width":0},"url":"https:\/\/www.adarda.cz\/nejste-v-cesku-spokojeni\/","about":["Business"],"wordCount":417,"articleBody":"   \u010cesk\u00e1 republika je sice v m\u00edrn\u00e9m podnebn\u00e9m p\u00e1su, ale posledn\u00ed roky jsou zde velk\u00e9 teplotn\u00ed v\u00fdkyvy. Zima je del\u0161\u00ed, v l\u00e9t\u011b jsou teploty st\u00e1le vy\u0161\u0161\u00ed. Jsou to ale hlavn\u011b dlouh\u00e9 zimy, kter\u00e9 nut\u00ed \u010d\u00e1st lid\u00ed uva\u017eovat nad zm\u011bnou bydli\u0161t\u011b. V\u011bt\u0161ina lid\u00ed si toti\u017e ka\u017ed\u00fd rok neodpust\u00ed zahrani\u010dn\u00ed dovolenou u mo\u0159e, proto\u017ee si cht\u011bj\u00ed u\u017e\u00edt mo\u0159e a pl\u00e1\u017ee a nic ne\u0159e\u0161it. A mnoha lidem se v zahrani\u010d\u00ed zal\u00edb\u00ed natolik, \u017ee se jen t\u011b\u017eko smi\u0159uj\u00ed s n\u00e1vratem do \u010cech.Chorvatsko popularitu neztr\u00e1c\u00ed Chorvatsko pat\u0159\u00ed mezi nejpopul\u00e1rn\u011bj\u0161\u00ed st\u00e1ty, kter\u00e9 m\u016f\u017ee \u010dlov\u011bk nav\u0161t\u00edvit. Zejm\u00e9na pro \u010cechy je to \u010dasto hlavn\u00ed volba. Vzhledem k jeho geografick\u00e9 poloze se nen\u00ed \u010demu divit. Sta\u010d\u00ed p\u00e1r hodin za volantem a jste tady. \u010ce\u0161i miluj\u00ed kdy\u017e mohou jet na dovolenou autem, a tak se sem st\u00e1le vrac\u00ed. Mnoho rodin sem jezd\u00ed u\u017e cel\u00e9 generace a nehodlaj\u00ed na tom nic m\u011bnit. Proto\u017ee jetu kr\u00e1sn\u011b, je tu n\u00e1dhern\u00e1 p\u0159\u00edroda i mnoho zaj\u00edmav\u00fdch kulturn\u00edch pam\u00e1tek, \u010d\u00e1st \u010cech\u016f si zde na\u0161la v\u00edkendov\u00e9 bydlen\u00ed. Jednodu\u0161e sem jezd\u00ed tr\u00e1vit v\u00edkendy. Vyjedou v p\u00e1tek v noci, r\u00e1no u\u017e jsou u mo\u0159e a vyj\u00ed\u017ed\u00ed v ned\u011bli ve\u010der. V\u00edkend tak str\u00e1v\u00ed u mo\u0159e p\u0159\u00edmo ve sv\u00e9m apartm\u00e1nu.N\u011bkte\u0159\u00ed lid\u00e9 jsou tak nespokojen\u00ed se situac\u00ed v \u010cesku, \u017ee se sem p\u0159est\u011bhovali natrvalo. Cht\u011bj\u00ed m\u00edt n\u011bjakou dobrou perspektivu pro sv\u016fj \u017eivot a hlavn\u011b pro sv\u00e9 d\u011bti, a maj\u00ed d\u016fvodn\u00e9 obavy, \u017ee sou\u010dasn\u00e1 \u010desk\u00e1 politick\u00e1 reprezentace jim nic takov\u00e9ho neumo\u017e\u0148uje. Proto st\u00e1le roste po\u010det \u010cech\u016f, kte\u0159\u00ed se zaj\u00edmaj\u00ed o to jak koupit apartm\u00e1n v Chorvatsku.Je to snadn\u00e9, sta\u010d\u00ed si ho vybrat Jsme zaveden\u00e1 realitn\u00ed kancel\u00e1\u0159 a d\u00edky tomu \u017ee jsme p\u016fvodem \u010ce\u0161i, se nemus\u00edte b\u00e1t komunikace v ciz\u00edm jazyce. V nab\u00eddce m\u00edv\u00e1me apartm\u00e1nov\u00e9 domy, kter\u00e9 se skl\u00e1daj\u00ed z mnoha apartm\u00e1n\u016f. A pr\u00e1v\u011b jeden z nich m\u016f\u017ee b\u00fdt v\u00e1\u0161. Jsou jen kousek od mo\u0159e, tak\u017ee nemus\u00edte na pl\u00e1\u017e jezdit p\u0159es cel\u00e9 m\u011bsto. Pod\u00edvejte se na aktu\u00e1ln\u00ed nab\u00eddku a vyberte si ten sv\u016fj.                                                                                                                                                                                                                                                                                                                                                                                          4.4\/5 - (19 votes)        "},{"@context":"https:\/\/schema.org\/","@type":"BreadcrumbList","itemListElement":[{"@type":"ListItem","position":1,"name":"Nejste v \u010cesku spokojen\u00ed?","item":"https:\/\/www.adarda.cz\/nejste-v-cesku-spokojeni\/#breadcrumbitem"}]}]