[{"@context":"https:\/\/schema.org\/","@type":"Article","@id":"https:\/\/www.adarda.cz\/na-co-byste-meli-dbat-u-vestavenych-skrini\/#Article","mainEntityOfPage":"https:\/\/www.adarda.cz\/na-co-byste-meli-dbat-u-vestavenych-skrini\/","headline":"Na co byste m\u011bli db\u00e1t u vestav\u011bn\u00fdch sk\u0159\u00edn\u00ed","name":"Na co byste m\u011bli db\u00e1t u vestav\u011bn\u00fdch sk\u0159\u00edn\u00ed","description":"Um\u00edst\u011bn\u00ed sk\u0159\u00edn\u011b \u2013 kdo se rozhodne m\u00edt doma vestav\u011bnou sk\u0159\u00ed\u0148 na m\u00edru, bude postaven p\u0159ed prvotn\u00ed rozhodnut\u00ed naj\u00edt pro ni vhodn\u00e9 um\u00edst\u011bn\u00ed. A to m\u016f\u017ee b\u00fdt probl\u00e9m, proto\u017ee do ob\u00fdv\u00e1ku ji z\u0159ejm\u011b instalovat cht\u00edt nebudete, a tak v\u00e1m zb\u00fdv\u00e1 pouze jedin\u00e1 m\u00edstnost \u2013 lo\u017enice. A to nemus\u00ed b\u00fdt poka\u017ed\u00e9 vhodn\u00e9 \u0159e\u0161en\u00ed, proto\u017ee si t\u00edm zbyte\u010dn\u011b [&hellip;]","datePublished":"2023-12-15","dateModified":"2024-01-22","author":{"@type":"Person","@id":"https:\/\/www.adarda.cz\/author\/#Person","name":"","url":"https:\/\/www.adarda.cz\/author\/","identifier":1,"image":{"@type":"ImageObject","@id":"https:\/\/secure.gravatar.com\/avatar\/82449f5dd313bdc88befc1a2d3138ce45c5e7d5eeee84221e3cf7fbc184b80d3?s=96&d=mm&r=g","url":"https:\/\/secure.gravatar.com\/avatar\/82449f5dd313bdc88befc1a2d3138ce45c5e7d5eeee84221e3cf7fbc184b80d3?s=96&d=mm&r=g","height":96,"width":96}},"publisher":{"@type":"Organization","name":"adarda.cz","logo":{"@type":"ImageObject","@id":"\/logo.png","url":"\/logo.png","width":600,"height":60}},"image":{"@type":"ImageObject","@id":"https:\/\/www.adarda.cz\/wp-content\/uploads\/building-8428549_640.jpg","url":"https:\/\/www.adarda.cz\/wp-content\/uploads\/building-8428549_640.jpg","height":0,"width":0},"url":"https:\/\/www.adarda.cz\/na-co-byste-meli-dbat-u-vestavenych-skrini\/","about":["Zbo\u017e\u00ed"],"wordCount":411,"articleBody":"        Um\u00edst\u011bn\u00ed sk\u0159\u00edn\u011b \u2013 kdo se rozhodne m\u00edt doma vestav\u011bnou sk\u0159\u00ed\u0148 na m\u00edru, bude postaven p\u0159ed prvotn\u00ed rozhodnut\u00ed naj\u00edt pro ni vhodn\u00e9 um\u00edst\u011bn\u00ed. A to m\u016f\u017ee b\u00fdt probl\u00e9m, proto\u017ee do ob\u00fdv\u00e1ku ji z\u0159ejm\u011b instalovat cht\u00edt nebudete, a tak v\u00e1m zb\u00fdv\u00e1 pouze jedin\u00e1 m\u00edstnost \u2013 lo\u017enice. A to nemus\u00ed b\u00fdt poka\u017ed\u00e9 vhodn\u00e9 \u0159e\u0161en\u00ed, proto\u017ee si t\u00edm zbyte\u010dn\u011b ukroj\u00edte kus obytn\u00e9ho prostoru. Zkuste sk\u0159\u00ed\u0148 p\u0159em\u00edstit rad\u011bji do p\u0159eds\u00edn\u011b, tam se p\u0159\u00edli\u0161 dlouho nezdr\u017eujete a jako \u00falo\u017en\u00fd prostor je toto prost\u0159ed\u00ed naprosto ide\u00e1ln\u00ed. V p\u0159eds\u00edni v\u00e1m sk\u0159\u00ed\u0148 nebude p\u0159ek\u00e1\u017eet i proto, \u017ee dve\u0159e jsou posuvn\u00e9, a nevykl\u00e1p\u00ed se do m\u00edstnosti tak, jako dve\u0159e k\u0159\u00eddlov\u00e9.\u0160tafle \u2013 vestav\u011bn\u00e1 sk\u0159\u00ed\u0148 v\u011bt\u0161inou dosahuje a\u017e ke stropu, t\u00edm z\u00edsk\u00e1te mnoho \u00falo\u017en\u00e9ho m\u00edsta, ale mysl\u00edte tak\u00e9 na to, jak tam budete l\u00e9zt? Pokud nejste vysloven\u011b p\u0159es dva metry dlouz\u00ed jedinci, s dlouh\u00fdma rukama, s nimi\u017e snadno dos\u00e1hnete i do nejzaz\u0161\u00edch horn\u00edch reg\u00e1l\u016f, mohou se v\u00e1m tu hodit na pomoc mal\u00e9 \u0161tafle. A abyste je nemuseli st\u00e1le odn\u011bkud p\u0159en\u00e1\u0161et, nechte si z\u0159\u00eddit uvnit\u0159 sk\u0159\u00edn\u011b \u00fazk\u00fd foch na skl\u00e1dac\u00ed \u0161tafli\u010dky. \u0160tafle jsou lep\u0161\u00ed, ne\u017e \u017eidle, nehled\u011b na to, \u017ee se v\u00e1m v byt\u011b pak mohou hodit na myt\u00ed lustr\u016f a oken.Barva posuvn\u00fdch dve\u0159\u00ed \u2013 s dekorem posuvn\u00fdch dve\u0159\u00ed si m\u016f\u017eete doslova vyhr\u00e1t. Existuje bezpo\u010det variant v r\u016fzn\u00fdch barv\u00e1ch, vzorech, s potiskem, se zrcadly s rovn\u00fdmi i tvarovan\u00fdmi obrysy. Na jedno bychom v\u00e1s v\u0161ak cht\u011bli upozornit, a sice bu\u010fte velmi pozorn\u00ed na v\u00fdb\u011br barev, zejm\u00e9na jejich sytost. \u010c\u00edm sv\u011btlej\u0161\u00ed toti\u017e barva bude, t\u00edm v\u00edce sv\u011btla v\u00e1m do m\u00edstnosti odraz\u00ed, a zvl\u00e1\u0161t\u011b u sk\u0159\u00edn\u00ed v p\u0159eds\u00edni je to docela z\u00e1sadn\u00ed. Pokud bude p\u0159eds\u00ed\u0148 sev\u0159ena tmav\u011b hn\u011bdou nebo \u010dernou sk\u0159\u00edn\u00ed, budete tu jako v katakomb\u00e1ch mezi rodinn\u00fdmi hrobkami, a to v\u00e1m bude odeb\u00edrat energii, co\u017e je i prokazateln\u00fd fyzik\u00e1ln\u00ed jev (tmav\u00e9 barvy ve\u0161kerou energii pohlcuj\u00ed, zat\u00edmco sv\u011btl\u00e9 ji odr\u00e1\u017e\u00ed).                                                                                                                                                                                                                                                                                                                                                                                          4.5\/5 - (11 votes)        "},{"@context":"https:\/\/schema.org\/","@type":"BreadcrumbList","itemListElement":[{"@type":"ListItem","position":1,"name":"Na co byste m\u011bli db\u00e1t u vestav\u011bn\u00fdch sk\u0159\u00edn\u00ed","item":"https:\/\/www.adarda.cz\/na-co-byste-meli-dbat-u-vestavenych-skrini\/#breadcrumbitem"}]}]