[{"@context":"https:\/\/schema.org\/","@type":"Article","@id":"https:\/\/www.adarda.cz\/lide-a-vztahy\/#Article","mainEntityOfPage":"https:\/\/www.adarda.cz\/lide-a-vztahy\/","headline":"Lid\u00e9 a vztahy","name":"Lid\u00e9 a vztahy","description":"V\u017edycky si \u0159\u00edk\u00e1m, \u017ee kdy\u017e se n\u011bkdo st\u00e1le jenom dokola h\u00e1d\u00e1, tak je to opravdu velik\u00e1 \u0161koda. Proto\u017ee si vzpom\u00edn\u00e1m, jak se moji rodi\u010de doma st\u00e1le jenom h\u00e1dali. A opravdu v\u016fbec nev\u00edte, jak j\u00e1 jsem s bratrem trp\u011bla, kdy\u017e se rodi\u010de h\u00e1dali. To bylo p\u0159ed osmi lety, dokud se na\u0161i rodi\u010de kone\u010dn\u011b rozvedli. A to [&hellip;]","datePublished":"2023-01-05","dateModified":"2023-06-06","author":{"@type":"Person","@id":"https:\/\/www.adarda.cz\/author\/#Person","name":"","url":"https:\/\/www.adarda.cz\/author\/","identifier":1,"image":{"@type":"ImageObject","@id":"https:\/\/secure.gravatar.com\/avatar\/82449f5dd313bdc88befc1a2d3138ce45c5e7d5eeee84221e3cf7fbc184b80d3?s=96&d=mm&r=g","url":"https:\/\/secure.gravatar.com\/avatar\/82449f5dd313bdc88befc1a2d3138ce45c5e7d5eeee84221e3cf7fbc184b80d3?s=96&d=mm&r=g","height":96,"width":96}},"publisher":{"@type":"Organization","name":"adarda.cz","logo":{"@type":"ImageObject","@id":"\/logo.png","url":"\/logo.png","width":600,"height":60}},"image":{"@type":"ImageObject","@id":"https:\/\/www.adarda.cz\/wp-content\/uploads\/meeting-2284501_1280_1.jpg","url":"https:\/\/www.adarda.cz\/wp-content\/uploads\/meeting-2284501_1280_1.jpg","height":0,"width":0},"url":"https:\/\/www.adarda.cz\/lide-a-vztahy\/","about":["Vztahy"],"wordCount":429,"articleBody":"V\u017edycky si \u0159\u00edk\u00e1m, \u017ee kdy\u017e se n\u011bkdo st\u00e1le jenom dokola h\u00e1d\u00e1, tak je to opravdu velik\u00e1 \u0161koda. Proto\u017ee si vzpom\u00edn\u00e1m, jak se moji rodi\u010de doma st\u00e1le jenom h\u00e1dali. A opravdu v\u016fbec nev\u00edte, jak j\u00e1 jsem s bratrem trp\u011bla, kdy\u017e se rodi\u010de h\u00e1dali. To bylo p\u0159ed osmi lety, dokud se na\u0161i rodi\u010de kone\u010dn\u011b rozvedli. A to mus\u00edm uznat, \u017ee rozvod byl opravdu jejich perfektn\u00ed volba. Tak\u017ee jsem potom byla z toho velice p\u0159ekvapen\u00e1, kdy\u017e maminka n\u00e1m \u0159ekla, kdy\u017e mi bylo deset let. \u017ee se s otcem rozv\u00e1d\u00ed. Byla jsem nad\u0161en\u00e1, proto\u017ee takov\u00e9 napjat\u00e9 vztahy jsou na nic. Takov\u00e9 vztahy v rodin\u011b byly opravdu katastrof\u00e1ln\u00ed a bylo jenom ot\u00e1zkou \u010dasu, kdy se tohle v\u0161echno ztvrdne, proto\u017ee otec ne\u0161el ani pro r\u00e1nu daleko.Nakonec to dopadlo tak, \u017ee na\u0161e maminka byla asi t\u0159ikr\u00e1t zml\u00e1cen\u00e1 a jednou z toho byla nemocnici, tak se pr\u00e1v\u011b rozhodla pro ten radik\u00e1ln\u00ed krok, kdy se s otcem rozvedla. A byla jsem nad\u0161en\u00e1, ale naoko jsem musela p\u0159ed otcem d\u011blat, \u017ee jsem ne\u0161\u0165astn\u00e1, jinak by otec opravdu hodn\u011b zu\u0159il, \u017ee m\u00e1m z toho radost. Mus\u00edm uznat, \u017ee takov\u00e9 vztahy v rodin\u011b se opravdu doma nehod\u00ed, a to u\u017e v\u016fbec ne p\u0159ed mal\u00fdmi d\u011btmi, proto\u017ee m\u00e9mu bratrovi v t\u00e9 dob\u011b byly teprve \u010dty\u0159i roky a mus\u00edm uznat, \u017ee si odnesl z toho n\u011bjak\u00e9 trauma. I kdy\u017e to na prvn\u00ed pohled nejde vid\u011bt, tak si to mysl\u00edm. D\u011bti to sn\u00e1\u0161\u00ed t\u011b\u017ece.Pokud i vy zn\u00e1te n\u011bkoho, kdo m\u00e1 doma takov\u00e9 napjat\u00e9 a \u0161kared\u00e9, zl\u00e9 vztahy v rodin\u011b, tak by bylo opravdu nejlep\u0161\u00ed, kdybyste n\u00edm o tom mohli promluvit a za\u010d\u00edt to klidn\u011b \u0159e\u0161it, proto\u017ee opravdu nikdy nen\u00ed pozd\u011b. Tak\u00e9 se n\u011bkdy m\u016f\u017ee st\u00e1t, \u017ee bohu\u017eel se stane n\u011bjak\u00e1 katastrofa, kdy\u017e jsou napjat\u00e9 vztahy. A j\u00e1 sama za sebe bych opravdu doporu\u010dovala v\u0161em, kdyby n\u011bkdo za\u017e\u00edval opravdu \u0161patn\u00e9 vztahy v rodin\u011b nebo v man\u017eelstv\u00ed, tak by bylo opravdu nejlep\u0161\u00ed to ihned \u0159e\u0161it a rad\u011bji se s partnerem rozej\u00edt anebo rozv\u00e9st. V\u011b\u0159te mi, \u017ee se \u0161patn\u00e9 vztahy m\u016f\u017eou stup\u0148ovat a vztahy v rodin\u011b potom m\u016f\u017eou b\u00fdt opravdu hodn\u011b vyhrocen\u00e9. A nikdo nechce m\u00edt zl\u00fd \u017eivot.\u00a0                                                                                                                                                                                                                                                                                                                                                                                        3.9\/5 - (11 votes)        "},{"@context":"https:\/\/schema.org\/","@type":"BreadcrumbList","itemListElement":[{"@type":"ListItem","position":1,"name":"Lid\u00e9 a vztahy","item":"https:\/\/www.adarda.cz\/lide-a-vztahy\/#breadcrumbitem"}]}]