[{"@context":"https:\/\/schema.org\/","@type":"Article","@id":"https:\/\/www.adarda.cz\/klid-a-soukromi\/#Article","mainEntityOfPage":"https:\/\/www.adarda.cz\/klid-a-soukromi\/","headline":"Klid a soukrom\u00ed","name":"Klid a soukrom\u00ed","description":"N\u011bkdy by se mohlo zd\u00e1t, \u017ee lid\u00e9 vol\u00ed bydlen\u00ed v p\u016fdn\u00edch vestavb\u00e1ch zejm\u00e9na z nedostatku jin\u00e9ho bydlen\u00ed. \u017de je to varianta vhodn\u00e1 pro mlad\u00e9 svobodn\u00e9 lidi, nebo za\u010d\u00ednaj\u00edc\u00ed rodiny, kter\u00e9 nemaj\u00ed dostatek prost\u0159edk\u016f na vlastn\u00ed velk\u00fd byt, nebo nov\u00fd rodinn\u00fd d\u016fm. To je ale trochu zav\u00e1d\u011bj\u00edc\u00ed pohled na tuto problematiku. Je i mnoho lid\u00ed star\u0161\u00edch, [&hellip;]","datePublished":"2024-12-13","dateModified":"2024-12-13","author":{"@type":"Person","@id":"https:\/\/www.adarda.cz\/author\/#Person","name":"","url":"https:\/\/www.adarda.cz\/author\/","identifier":1,"image":{"@type":"ImageObject","@id":"https:\/\/secure.gravatar.com\/avatar\/82449f5dd313bdc88befc1a2d3138ce45c5e7d5eeee84221e3cf7fbc184b80d3?s=96&d=mm&r=g","url":"https:\/\/secure.gravatar.com\/avatar\/82449f5dd313bdc88befc1a2d3138ce45c5e7d5eeee84221e3cf7fbc184b80d3?s=96&d=mm&r=g","height":96,"width":96}},"publisher":{"@type":"Organization","name":"adarda.cz","logo":{"@type":"ImageObject","@id":"\/logo.png","url":"\/logo.png","width":600,"height":60}},"url":"https:\/\/www.adarda.cz\/klid-a-soukromi\/","wordCount":183,"articleBody":"N\u011bkdy by se mohlo zd\u00e1t, \u017ee lid\u00e9 vol\u00ed bydlen\u00ed v p\u016fdn\u00edch vestavb\u00e1ch zejm\u00e9na z nedostatku jin\u00e9ho bydlen\u00ed. \u017de je to varianta vhodn\u00e1 pro mlad\u00e9 svobodn\u00e9 lidi, nebo za\u010d\u00ednaj\u00edc\u00ed rodiny, kter\u00e9 nemaj\u00ed dostatek prost\u0159edk\u016f na vlastn\u00ed velk\u00fd byt, nebo nov\u00fd rodinn\u00fd d\u016fm. To je ale trochu zav\u00e1d\u011bj\u00edc\u00ed pohled na tuto problematiku. Je i mnoho lid\u00ed star\u0161\u00edch, kte\u0159\u00ed se r\u00e1di ubytov\u00e1vaj\u00ed v prostor\u00e1ch co nejvzd\u00e1len\u011bj\u0161\u00edch b\u011b\u017en\u00e9mu m\u011bstsk\u00e9mu ruchu, co nejd\u00e1le od zem\u011b, bl\u00ed\u017e k nebi, slunci, mrak\u016fm hv\u011bzd\u00e1m. Um\u011bleck\u00e9 pot\u0159eby \u010casto jsou to tak\u00e9 um\u011blci, kte\u0159\u00ed sv\u00e9 ateli\u00e9ry situuj\u00ed do podkrovn\u00edch prostor kv\u016fli mno\u017estv\u00ed p\u0159irozen\u00e9ho sv\u011btla, kter\u00e9 tam lze velice snadno z\u00edskat.. V ateli\u00e9rech se ov\u0161em dostatek sv\u011btla ne\u0159e\u0161\u00ed v\u011bt\u0161inou b\u011b\u017en\u011b pou\u017e\u00edvan\u00fdmi st\u0159e\u0161n\u00edmi okny, ale v\u011bt\u0161inou speci\u00e1ln\u00edmi, velkoplo\u0161n\u00fdmi, prosklen\u00fdmi, \u010di pr\u016fsvitn\u00fdmi plochami.                                                                                                                                                                                                                                                                                                                                                                                        4\/5 - (3 votes)        "},{"@context":"https:\/\/schema.org\/","@type":"BreadcrumbList","itemListElement":[{"@type":"ListItem","position":1,"name":"Klid a soukrom\u00ed","item":"https:\/\/www.adarda.cz\/klid-a-soukromi\/#breadcrumbitem"}]}]