[{"@context":"https:\/\/schema.org\/","@type":"Article","@id":"https:\/\/www.adarda.cz\/jsou-polarizacni-bryle-pro-ridice-do-tmy-skutecne-tak-uzitecne\/#Article","mainEntityOfPage":"https:\/\/www.adarda.cz\/jsou-polarizacni-bryle-pro-ridice-do-tmy-skutecne-tak-uzitecne\/","headline":"Jsou polariza\u010dn\u00ed br\u00fdle pro \u0159idi\u010de do tmy skute\u010dn\u011b tak u\u017eite\u010dn\u00e9?","name":"Jsou polariza\u010dn\u00ed br\u00fdle pro \u0159idi\u010de do tmy skute\u010dn\u011b tak u\u017eite\u010dn\u00e9?","description":"Br\u00fdle dnes nos\u00ed kdekdo. Ji\u017e d\u00e1vno jsou pry\u010d doby, kdy jejich jedin\u00fdm \u00fa\u010delem bylo napravovat zrak. Dnes m\u00e1me spoustu nejr\u016fzn\u011bj\u0161\u00edch druh\u016f, kter\u00e9 maj\u00ed spoustu funkc\u00ed, od ochrany o\u010d\u00ed a\u017e po m\u00f3dn\u00ed dopln\u011bk. A jedn\u00edm z t\u011bch m\u00e9n\u011b zn\u00e1m\u00fdch, kter\u00e9 si v\u0161ak z\u00edsk\u00e1vaj\u00ed st\u00e1le v\u011bt\u0161\u00ed popularitu mezi lidmi, jsou i polariza\u010dn\u00ed br\u00fdle pro \u0159idi\u010de do tmy. [&hellip;]","datePublished":"2023-05-15","dateModified":"2023-06-15","author":{"@type":"Person","@id":"https:\/\/www.adarda.cz\/author\/#Person","name":"","url":"https:\/\/www.adarda.cz\/author\/","identifier":1,"image":{"@type":"ImageObject","@id":"https:\/\/secure.gravatar.com\/avatar\/82449f5dd313bdc88befc1a2d3138ce45c5e7d5eeee84221e3cf7fbc184b80d3?s=96&d=mm&r=g","url":"https:\/\/secure.gravatar.com\/avatar\/82449f5dd313bdc88befc1a2d3138ce45c5e7d5eeee84221e3cf7fbc184b80d3?s=96&d=mm&r=g","height":96,"width":96}},"publisher":{"@type":"Organization","name":"adarda.cz","logo":{"@type":"ImageObject","@id":"\/logo.png","url":"\/logo.png","width":600,"height":60}},"image":{"@type":"ImageObject","@id":"https:\/\/www.adarda.cz\/wp-content\/uploads\/polarbryle1.jpg","url":"https:\/\/www.adarda.cz\/wp-content\/uploads\/polarbryle1.jpg","height":0,"width":0},"url":"https:\/\/www.adarda.cz\/jsou-polarizacni-bryle-pro-ridice-do-tmy-skutecne-tak-uzitecne\/","about":["Zbo\u017e\u00ed"],"wordCount":444,"articleBody":"   Br\u00fdle dnes nos\u00ed kdekdo. Ji\u017e d\u00e1vno jsou pry\u010d doby, kdy jejich jedin\u00fdm \u00fa\u010delem bylo napravovat zrak. Dnes m\u00e1me spoustu nejr\u016fzn\u011bj\u0161\u00edch druh\u016f, kter\u00e9 maj\u00ed spoustu funkc\u00ed, od ochrany o\u010d\u00ed a\u017e po m\u00f3dn\u00ed dopln\u011bk. A jedn\u00edm z t\u011bch m\u00e9n\u011b zn\u00e1m\u00fdch, kter\u00e9 si v\u0161ak z\u00edsk\u00e1vaj\u00ed st\u00e1le v\u011bt\u0161\u00ed popularitu mezi lidmi, jsou i polariza\u010dn\u00ed br\u00fdle pro \u0159idi\u010de do tmy.Ty se na prvn\u00ed pohled podobaj\u00ed klasick\u00fdm slune\u010dn\u00edm br\u00fdl\u00edm. Sta\u010d\u00ed si je v\u0161ak nasadit, a rozd\u00edl je patrn\u00fd doslova na prvn\u00ed pohled. Na rozd\u00edl od t\u011bch slune\u010dn\u00edch toti\u017e neomezuj\u00ed b\u011b\u017en\u00fd pr\u016fnik sv\u011btla. To znamen\u00e1, \u017ee je lze nosit i za zhor\u0161en\u00fdch sv\u011bteln\u00fdch podm\u00ednek, nap\u0159\u00edklad pr\u00e1v\u011b v noci, ani\u017e bychom m\u011bli sn\u00ed\u017eenou viditelnost.Zd\u00e1lo by se tedy, \u017ee se jedn\u00e1 pouze o m\u00f3dn\u00ed dopln\u011bk, av\u0161ak to by nemohlo b\u00fdt d\u00e1le od pravdy. Ve skute\u010dnosti maj\u00ed sv\u016fj specifick\u00fd \u00fa\u010del, pro kter\u00fd jsou vyu\u017e\u00edv\u00e1ny p\u0159edev\u0161\u00edm ur\u010dit\u00fdmi skupinami lid\u00ed. A\u010dkoliv toti\u017e neblokuj\u00ed b\u011b\u017en\u00e9 sv\u011btlo, tlum\u00ed ostr\u00e9 odlesky, a\u0165 u\u017e jsou to p\u0159\u00edm\u00e9 slune\u010dn\u00ed paprsky, jejich odraz nap\u0159\u00edklad od vody \u010di sn\u011bhu, nebo i um\u011bl\u00e9 osv\u011btlen\u00ed, jako jsou nap\u0159\u00edklad lampy. Z toho je tedy jasn\u00e9, jak\u00e9 skupiny lid\u00ed je nejl\u00e9pe vyu\u017eij\u00ed.Mezi ty hlavn\u00ed pat\u0159\u00ed samoz\u0159ejm\u011b \u0159idi\u010di, p\u0159edev\u0161\u00edm ti d\u00e1lkov\u00ed, kte\u0159\u00ed se mus\u00ed pot\u00fdkat se slune\u010dn\u00edmi paprsky za jasn\u00e9ho dne a sv\u011btly protijedouc\u00edch automobil\u016f v noci. Zvl\u00e1\u0161t\u011b kdy\u017e n\u011bkte\u0159\u00ed \u0159idi\u010di nerespektuj\u00ed na\u0159\u00edzen\u00ed a maj\u00ed st\u00e1le zapnuta d\u00e1lkov\u00e1 sv\u011btla, i kdy\u017e proti nim jede dal\u0161\u00ed v\u016fz. Br\u00fdle pak mohou zabr\u00e1nit osln\u011bn\u00ed a t\u00edm i dopravn\u00ed nehod\u011b.Pomoci v\u0161ak mohou t\u0159eba i ly\u017ea\u0159\u016fm. Ti se zase pot\u00fdkaj\u00ed s odrazem slune\u010dn\u00edch paprsk\u016f od sn\u011bhu, kter\u00fd m\u00e1 vysok\u00e9 albedo. To m\u016f\u017ee nejen \u010dlov\u011bka oslnit, co\u017e m\u016f\u017ee b\u00fdt nap\u0159\u00edklad na sjezdovce velmi nebezpe\u010dn\u00e9, ale tak\u00e9 p\u0159i del\u0161\u00edm vystaven\u00ed trvale po\u0161kodit zrak. A tomu je lep\u0161\u00ed se vyhnout.To jsou samoz\u0159ejm\u011b jen dv\u011b z mnoha skupin, kter\u00e9 tento typ br\u00fdl\u00ed vyu\u017eij\u00ed. Rozhodn\u011b bychom je tedy nem\u011bli zatracovat, a pokud mysl\u00edte, \u017ee by v\u00e1m mohli pomoci, nen\u00ed od v\u011bci si je vyzkou\u0161et. Okam\u017eit\u011b pak uvid\u00edte ten rozd\u00edl.                                                                                                                                                                                                                                                                                                                                                                                          4\/5 - (5 votes)        "},{"@context":"https:\/\/schema.org\/","@type":"BreadcrumbList","itemListElement":[{"@type":"ListItem","position":1,"name":"Jsou polariza\u010dn\u00ed br\u00fdle pro \u0159idi\u010de do tmy skute\u010dn\u011b tak u\u017eite\u010dn\u00e9?","item":"https:\/\/www.adarda.cz\/jsou-polarizacni-bryle-pro-ridice-do-tmy-skutecne-tak-uzitecne\/#breadcrumbitem"}]}]