{"@context":"https:\/\/schema.org\/","@type":"CollectionPage","@id":"https:\/\/www.adarda.cz\/ekonomika\/#CollectionPage","headline":"Ekonomika Category","description":"","url":"https:\/\/www.adarda.cz\/ekonomika\/","hasPart":[{"@type":"Article","@id":"https:\/\/www.adarda.cz\/s-pujckou-se-to-zvlada\/","headline":"S p\u016fj\u010dkou se to zvl\u00e1d\u00e1","url":"https:\/\/www.adarda.cz\/s-pujckou-se-to-zvlada\/","datePublished":"2024-09-22","dateModified":"2024-09-22","mainEntityOfPage":"https:\/\/www.adarda.cz\/s-pujckou-se-to-zvlada\/","author":{"@type":"Person","@id":"https:\/\/www.adarda.cz\/author\/#Person","name":"","url":"https:\/\/www.adarda.cz\/author\/","identifier":1,"image":{"@type":"ImageObject","@id":"https:\/\/secure.gravatar.com\/avatar\/82449f5dd313bdc88befc1a2d3138ce45c5e7d5eeee84221e3cf7fbc184b80d3?s=96&d=mm&r=g","url":"https:\/\/secure.gravatar.com\/avatar\/82449f5dd313bdc88befc1a2d3138ce45c5e7d5eeee84221e3cf7fbc184b80d3?s=96&d=mm&r=g","height":96,"width":96}},"publisher":{"@type":"Organization","name":"adarda.cz","logo":{"@type":"ImageObject","@id":"\/logo.png","url":"\/logo.png","width":600,"height":60}},"image":{"@type":"ImageObject","@id":"https:\/\/www.adarda.cz\/wp-content\/uploads\/pppppppppppppppppppppppppppppppppppppppppppppppppppppppppppppppppppppppppppppp_2.jpg","url":"https:\/\/www.adarda.cz\/wp-content\/uploads\/pppppppppppppppppppppppppppppppppppppppppppppppppppppppppppppppppppppppppppppp_2.jpg","height":0,"width":0},"keywords":null},{"@type":"Article","@id":"https:\/\/www.adarda.cz\/penize-na-dum\/","headline":"Pen\u00edze na d\u016fm","url":"https:\/\/www.adarda.cz\/penize-na-dum\/","datePublished":"2023-06-26","dateModified":"2023-07-26","mainEntityOfPage":"https:\/\/www.adarda.cz\/penize-na-dum\/","author":{"@type":"Person","@id":"https:\/\/www.adarda.cz\/author\/#Person","name":"","url":"https:\/\/www.adarda.cz\/author\/","identifier":1,"image":{"@type":"ImageObject","@id":"https:\/\/secure.gravatar.com\/avatar\/82449f5dd313bdc88befc1a2d3138ce45c5e7d5eeee84221e3cf7fbc184b80d3?s=96&d=mm&r=g","url":"https:\/\/secure.gravatar.com\/avatar\/82449f5dd313bdc88befc1a2d3138ce45c5e7d5eeee84221e3cf7fbc184b80d3?s=96&d=mm&r=g","height":96,"width":96}},"publisher":{"@type":"Organization","name":"adarda.cz","logo":{"@type":"ImageObject","@id":"\/logo.png","url":"\/logo.png","width":600,"height":60}},"image":{"@type":"ImageObject","@id":"https:\/\/www.adarda.cz\/wp-content\/uploads\/money-1005477_1280_1.jpg","url":"https:\/\/www.adarda.cz\/wp-content\/uploads\/money-1005477_1280_1.jpg","height":0,"width":0},"keywords":null},{"@type":"Article","@id":"https:\/\/www.adarda.cz\/jak-ziskat-hypoteku-i-kdyz-jsme-si-prosli-insolvenci\/","headline":"Jak z\u00edskat hypot\u00e9ku i kdy\u017e jsme si pro\u0161li insolvenc\u00ed.","url":"https:\/\/www.adarda.cz\/jak-ziskat-hypoteku-i-kdyz-jsme-si-prosli-insolvenci\/","datePublished":"2023-06-25","dateModified":"2023-07-25","mainEntityOfPage":"https:\/\/www.adarda.cz\/jak-ziskat-hypoteku-i-kdyz-jsme-si-prosli-insolvenci\/","author":{"@type":"Person","@id":"https:\/\/www.adarda.cz\/author\/#Person","name":"","url":"https:\/\/www.adarda.cz\/author\/","identifier":1,"image":{"@type":"ImageObject","@id":"https:\/\/secure.gravatar.com\/avatar\/82449f5dd313bdc88befc1a2d3138ce45c5e7d5eeee84221e3cf7fbc184b80d3?s=96&d=mm&r=g","url":"https:\/\/secure.gravatar.com\/avatar\/82449f5dd313bdc88befc1a2d3138ce45c5e7d5eeee84221e3cf7fbc184b80d3?s=96&d=mm&r=g","height":96,"width":96}},"publisher":{"@type":"Organization","name":"adarda.cz","logo":{"@type":"ImageObject","@id":"\/logo.png","url":"\/logo.png","width":600,"height":60}},"image":{"@type":"ImageObject","@id":"https:\/\/www.adarda.cz\/wp-content\/uploads\/build-a-house-4503738_640_2.jpg","url":"https:\/\/www.adarda.cz\/wp-content\/uploads\/build-a-house-4503738_640_2.jpg","height":0,"width":0},"keywords":null},{"@type":"Article","@id":"https:\/\/www.adarda.cz\/ani-slevy-nejsou-vsechno\/","headline":"Ani slevy nejsou v\u0161echno","url":"https:\/\/www.adarda.cz\/ani-slevy-nejsou-vsechno\/","datePublished":"2023-02-23","dateModified":"2023-04-25","mainEntityOfPage":"https:\/\/www.adarda.cz\/ani-slevy-nejsou-vsechno\/","author":{"@type":"Person","@id":"https:\/\/www.adarda.cz\/author\/#Person","name":"","url":"https:\/\/www.adarda.cz\/author\/","identifier":1,"image":{"@type":"ImageObject","@id":"https:\/\/secure.gravatar.com\/avatar\/82449f5dd313bdc88befc1a2d3138ce45c5e7d5eeee84221e3cf7fbc184b80d3?s=96&d=mm&r=g","url":"https:\/\/secure.gravatar.com\/avatar\/82449f5dd313bdc88befc1a2d3138ce45c5e7d5eeee84221e3cf7fbc184b80d3?s=96&d=mm&r=g","height":96,"width":96}},"publisher":{"@type":"Organization","name":"adarda.cz","logo":{"@type":"ImageObject","@id":"\/logo.png","url":"\/logo.png","width":600,"height":60}},"image":{"@type":"ImageObject","@id":"https:\/\/www.adarda.cz\/wp-content\/uploads\/money-2183482_960_720.jpg","url":"https:\/\/www.adarda.cz\/wp-content\/uploads\/money-2183482_960_720.jpg","height":0,"width":0},"keywords":null},{"@type":"Article","@id":"https:\/\/www.adarda.cz\/vy-jeste-nemate-chatu\/","headline":"Vy je\u0161t\u011b nem\u00e1te chatu?","url":"https:\/\/www.adarda.cz\/vy-jeste-nemate-chatu\/","datePublished":"2022-11-20","dateModified":"2022-11-20","mainEntityOfPage":"https:\/\/www.adarda.cz\/vy-jeste-nemate-chatu\/","author":{"@type":"Person","@id":"https:\/\/www.adarda.cz\/author\/#Person","name":"","url":"https:\/\/www.adarda.cz\/author\/","identifier":1,"image":{"@type":"ImageObject","@id":"https:\/\/secure.gravatar.com\/avatar\/82449f5dd313bdc88befc1a2d3138ce45c5e7d5eeee84221e3cf7fbc184b80d3?s=96&d=mm&r=g","url":"https:\/\/secure.gravatar.com\/avatar\/82449f5dd313bdc88befc1a2d3138ce45c5e7d5eeee84221e3cf7fbc184b80d3?s=96&d=mm&r=g","height":96,"width":96}},"publisher":{"@type":"Organization","name":"adarda.cz","logo":{"@type":"ImageObject","@id":"\/logo.png","url":"\/logo.png","width":600,"height":60}},"image":{"@type":"ImageObject","@id":"https:\/\/www.adarda.cz\/wp-content\/uploads\/mince%20v%20ko%C5%A1%C3%ADku_3.jpg","url":"https:\/\/www.adarda.cz\/wp-content\/uploads\/mince%20v%20ko%C5%A1%C3%ADku_3.jpg","height":0,"width":0},"keywords":null},{"@type":"Article","@id":"https:\/\/www.adarda.cz\/americka-hypoteka-je-symbolem-naproste-financni-svobody\/","headline":"Americk\u00e1 hypot\u00e9ka je symbolem naprost\u00e9 finan\u010dn\u00ed svobody","url":"https:\/\/www.adarda.cz\/americka-hypoteka-je-symbolem-naproste-financni-svobody\/","datePublished":"2020-01-15","dateModified":"2020-01-15","mainEntityOfPage":"https:\/\/www.adarda.cz\/americka-hypoteka-je-symbolem-naproste-financni-svobody\/","author":{"@type":"Person","@id":"https:\/\/www.adarda.cz\/author\/#Person","name":"","url":"https:\/\/www.adarda.cz\/author\/","identifier":1,"image":{"@type":"ImageObject","@id":"https:\/\/secure.gravatar.com\/avatar\/82449f5dd313bdc88befc1a2d3138ce45c5e7d5eeee84221e3cf7fbc184b80d3?s=96&d=mm&r=g","url":"https:\/\/secure.gravatar.com\/avatar\/82449f5dd313bdc88befc1a2d3138ce45c5e7d5eeee84221e3cf7fbc184b80d3?s=96&d=mm&r=g","height":96,"width":96}},"publisher":{"@type":"Organization","name":"adarda.cz","logo":{"@type":"ImageObject","@id":"\/logo.png","url":"\/logo.png","width":600,"height":60}},"image":{"@type":"ImageObject","@id":"https:\/\/www.adarda.cz\/wp-content\/uploads\/img_a378946_w3855_t1590390510.jpg","url":"https:\/\/www.adarda.cz\/wp-content\/uploads\/img_a378946_w3855_t1590390510.jpg","height":0,"width":0},"keywords":null}]}