[{"@context":"https:\/\/schema.org\/","@type":"Article","@id":"https:\/\/www.adarda.cz\/designove-zabradli\/#Article","mainEntityOfPage":"https:\/\/www.adarda.cz\/designove-zabradli\/","headline":"Designov\u00e9 z\u00e1bradl\u00ed","name":"Designov\u00e9 z\u00e1bradl\u00ed","description":"Tak\u00e9 jste n\u011bkdy p\u0159em\u00fd\u0161leli nad t\u00edm, \u017ee byste si dali dom\u016f nov\u00e9 interi\u00e9rov\u00e9 dve\u0159e anebo interi\u00e9rov\u00e9 z\u00e1bradl\u00ed? Mnoho lid\u00ed u\u017e na tom uvazovalo, jenom\u017ee tak\u00e9 mnoho lid\u00ed mi \u0159eklo, \u017ee by cht\u011bli nov\u00e9 interi\u00e9rov\u00e9 z\u00e1bradl\u00ed, ale \u017ee nev\u00ed, kde to nejlep\u0161\u00ed interi\u00e9rov\u00e9 z\u00e1bradl\u00ed sehnat. Proto jsem \u0159ekla kamar\u00e1dce, kter\u00e1 pracuje v d\u00edln\u011b, aby se mi [&hellip;]","datePublished":"2023-12-29","dateModified":"2024-01-30","author":{"@type":"Person","@id":"https:\/\/www.adarda.cz\/author\/#Person","name":"","url":"https:\/\/www.adarda.cz\/author\/","identifier":1,"image":{"@type":"ImageObject","@id":"https:\/\/secure.gravatar.com\/avatar\/82449f5dd313bdc88befc1a2d3138ce45c5e7d5eeee84221e3cf7fbc184b80d3?s=96&d=mm&r=g","url":"https:\/\/secure.gravatar.com\/avatar\/82449f5dd313bdc88befc1a2d3138ce45c5e7d5eeee84221e3cf7fbc184b80d3?s=96&d=mm&r=g","height":96,"width":96}},"publisher":{"@type":"Organization","name":"adarda.cz","logo":{"@type":"ImageObject","@id":"\/logo.png","url":"\/logo.png","width":600,"height":60}},"image":{"@type":"ImageObject","@id":"https:\/\/www.adarda.cz\/wp-content\/uploads\/staircase-164972_1280_2.jpg","url":"https:\/\/www.adarda.cz\/wp-content\/uploads\/staircase-164972_1280_2.jpg","height":0,"width":0},"url":"https:\/\/www.adarda.cz\/designove-zabradli\/","about":["Zbo\u017e\u00ed"],"wordCount":425,"articleBody":"   Tak\u00e9 jste n\u011bkdy p\u0159em\u00fd\u0161leli nad t\u00edm, \u017ee byste si dali dom\u016f nov\u00e9 interi\u00e9rov\u00e9 dve\u0159e anebo interi\u00e9rov\u00e9 z\u00e1bradl\u00ed? Mnoho lid\u00ed u\u017e na tom uvazovalo, jenom\u017ee tak\u00e9 mnoho lid\u00ed mi \u0159eklo, \u017ee by cht\u011bli nov\u00e9 interi\u00e9rov\u00e9 z\u00e1bradl\u00ed, ale \u017ee nev\u00ed, kde to nejlep\u0161\u00ed interi\u00e9rov\u00e9 z\u00e1bradl\u00ed sehnat. Proto jsem \u0159ekla kamar\u00e1dce, kter\u00e1 pracuje v d\u00edln\u011b, aby se mi n\u011bkde poptala, kde prod\u00e1vaj\u00ed opravdu nejkr\u00e1sn\u011bj\u0161\u00ed a nejlep\u0161\u00ed z\u00e1bradl\u00ed, kter\u00e1 jsou do interi\u00e9ru. Kamar\u00e1dka mi \u0159ekla, \u017ee tohle zn\u00e1, \u017ee zn\u00e1 naprosto p\u0159esn\u011b jednu firmu, kter\u00e1 se pr\u00e1v\u011b star\u00e1 o n\u00e1dhern\u00e1 interi\u00e9rov\u00e1 z\u00e1bradl\u00ed. Mysl\u00edm si, \u017ee neud\u011bl\u00e1te chybu, kdy\u017e si tak\u00e9 p\u0159edem zjist\u00edte, kde si koupit nejlep\u0161\u00ed interi\u00e9rov\u00e9 z\u00e1bradl\u00ed. Podle m\u00e9ho n\u00e1zoru nejlep\u0161\u00ed je takov\u00e9 z\u00e1bradl\u00ed, kter\u00e9 je ze d\u0159eva. Samoz\u0159ejm\u011b, \u017ee interi\u00e9rov\u00e9 z\u00e1bradl\u00ed se to d\u011bl\u00e1 tak\u00e9 z plastu anebo z n\u011bjak\u00e9ho kovu. Z\u00e1le\u017e\u00ed u\u017e jenom na v\u00e1s, jak vy se rozhodnete. A m\u016f\u017ee b\u00fdt interi\u00e9rov\u00e9 z\u00e1bradl\u00ed tak\u00e9 sklen\u011bn\u00e9. Jenom\u017ee abych se p\u0159iznala, tak m\u011b se nejv\u00edc z\u00e1bradl\u00ed interi\u00e9rov\u00e9 l\u00edb\u00ed ze d\u0159eva. Ono vypad\u00e1 opravdu decentn\u011b a p\u011bkn\u011b a vlastn\u011b se d\u0159evem m\u016f\u017eete kombinovat \u00fapln\u011b v\u0161echno. Se d\u0159evem se d\u00e1 kombinovat fakt v\u0161echno. Interi\u00e9rov\u00e9 z\u00e1bradl\u00ed koup\u00edte tak\u00e9 v r\u016fzn\u00e9m rozm\u011bru, tak\u00e9 v r\u016fzn\u00e9 velikosti. A tak\u00e9 v r\u016fzn\u00e9m designu anebo tak\u00e9 v r\u016fzn\u00e9 cenov\u00e9 relaci. J\u00e1 si mysl\u00edm, \u017ee je nejlep\u0161\u00ed, kdy\u017e si p\u0159edem zjist\u00edte tak\u00e9 ceny. Proto\u017ee jsou r\u016fzn\u00e9 ceny, ve kter\u00fdch vy m\u016f\u017eete pokra\u010dovat, anebo ve kter\u00fdch si vybrat pr\u00e1v\u011b interi\u00e9rov\u00e9 z\u00e1bradl\u00ed. My m\u00e1me interi\u00e9rov\u00e9 z\u00e1bradl\u00ed v takov\u00e9 st\u0159edn\u00ed cen\u011b. Je to takov\u00e1 zlat\u00e1 st\u0159edn\u00ed cesta, proto\u017ee kdy\u017e si po\u0159\u00edd\u00edte n\u011bjak\u00e9 \u00fapln\u011b to nejlevn\u011bj\u0161\u00ed, nap\u0159\u00edklad plastov\u00e9 z\u00e1bradl\u00ed, tak v\u00e1m m\u016f\u017ee tak\u00e9 prasknout. Sta\u010d\u00ed, abyste t\u0159eba na n\u011bj spadli a uvid\u00edte, \u017ee v\u00e1m toto plastov\u00e9 z\u00e1bradl\u00ed v\u016fbec nic nevydr\u017e\u00ed. J\u00e1 sama za sebe pr\u00e1v\u011b d\u00e1v\u00e1m v\u017edycky na d\u0159evo. Celkov\u011b n\u00e1m masiv r\u00e1da, m\u00e1me tak\u00e9 masivn\u00ed postel a mysl\u00edm si, \u017ee masivn\u00ed z\u00e1bradl\u00ed se n\u00e1m tam dom\u016f tak\u00e9 hod\u00ed.                                                                                                                                                                                                                                                                                                                                                                                           3.5\/5 - (4 votes)        "},{"@context":"https:\/\/schema.org\/","@type":"BreadcrumbList","itemListElement":[{"@type":"ListItem","position":1,"name":"Designov\u00e9 z\u00e1bradl\u00ed","item":"https:\/\/www.adarda.cz\/designove-zabradli\/#breadcrumbitem"}]}]