[{"@context":"https:\/\/schema.org\/","@type":"Article","@id":"https:\/\/www.adarda.cz\/bytove-dekorace-s-umelymi-kvetinami\/#Article","mainEntityOfPage":"https:\/\/www.adarda.cz\/bytove-dekorace-s-umelymi-kvetinami\/","headline":"Bytov\u00e9 dekorace s um\u011bl\u00fdmi kv\u011btinami","name":"Bytov\u00e9 dekorace s um\u011bl\u00fdmi kv\u011btinami","description":"Terasa \u2013 chcete vyzdobit va\u0161i terasu nap\u0159\u00edklad p\u0159ed svatbou a um\u00edstit tam um\u011bl\u00e9 rostliny, kter\u00fdm neubl\u00ed\u017e\u00ed ani prudk\u00e9 Slunce, ani lij\u00e1k nebo p\u0159\u00edzemn\u00ed mraz\u00edky? Pak bychom v\u00e1m mohli doporu\u010dit nap\u0159\u00edklad um\u011bl\u00fd buxus. Je to vd\u011b\u010dn\u00fd v\u00fdrobek, kter\u00fd sta\u010d\u00ed pouze tu a tam osprchovat vla\u017enou vodou nebo pono\u0159it do kbel\u00edku s roztokem vody, sody a octa, [&hellip;]","datePublished":"2024-12-27","dateModified":"2024-12-27","author":{"@type":"Person","@id":"https:\/\/www.adarda.cz\/author\/#Person","name":"","url":"https:\/\/www.adarda.cz\/author\/","identifier":1,"image":{"@type":"ImageObject","@id":"https:\/\/secure.gravatar.com\/avatar\/82449f5dd313bdc88befc1a2d3138ce45c5e7d5eeee84221e3cf7fbc184b80d3?s=96&d=mm&r=g","url":"https:\/\/secure.gravatar.com\/avatar\/82449f5dd313bdc88befc1a2d3138ce45c5e7d5eeee84221e3cf7fbc184b80d3?s=96&d=mm&r=g","height":96,"width":96}},"publisher":{"@type":"Organization","name":"adarda.cz","logo":{"@type":"ImageObject","@id":"\/logo.png","url":"\/logo.png","width":600,"height":60}},"image":{"@type":"ImageObject","@id":"https:\/\/www.adarda.cz\/wp-content\/uploads\/artificial-flowers-4387472_640.jpg","url":"https:\/\/www.adarda.cz\/wp-content\/uploads\/artificial-flowers-4387472_640.jpg","height":0,"width":0},"url":"https:\/\/www.adarda.cz\/bytove-dekorace-s-umelymi-kvetinami\/","about":["Zbo\u017e\u00ed"],"wordCount":400,"articleBody":"       Terasa \u2013 chcete vyzdobit va\u0161i terasu nap\u0159\u00edklad p\u0159ed svatbou a um\u00edstit tam um\u011bl\u00e9 rostliny, kter\u00fdm neubl\u00ed\u017e\u00ed ani prudk\u00e9 Slunce, ani lij\u00e1k nebo p\u0159\u00edzemn\u00ed mraz\u00edky? Pak bychom v\u00e1m mohli doporu\u010dit nap\u0159\u00edklad um\u011bl\u00fd buxus. Je to vd\u011b\u010dn\u00fd v\u00fdrobek, kter\u00fd sta\u010d\u00ed pouze tu a tam osprchovat vla\u017enou vodou nebo pono\u0159it do kbel\u00edku s roztokem vody, sody a octa, kter\u00fd rozpou\u0161t\u00ed i mastnotu. Um\u011bl\u00fd buxus na rozd\u00edl od toho \u017eiv\u00e9ho nenapadaj\u00ed \u017e\u00e1dn\u00ed \u0161k\u016fdci a budete m\u00edt jistotu, \u017ee v\u00e1m rostliny na terase vydr\u017e\u00ed tak\u0159ka v\u0161echno. Ov\u0161em i \u017eiv\u00fd buxus je kr\u00e1sn\u00fd, je to na va\u0161em uv\u00e1\u017een\u00ed, \u010demu d\u00e1t p\u0159ednost.Vchodov\u00e9 dve\u0159e \u2013 n\u011bkte\u0159\u00ed lid\u00e9 si zav\u011b\u0161uj\u00ed na vchodov\u00e9 dve\u0159e r\u016fzn\u00e9 v\u011bnce a v\u011bne\u010dky (um\u011bl\u00e9 nebo ze su\u0161en\u00fdch rostlin), nap\u0159\u00edklad p\u0159i p\u0159\u00edle\u017eitostech p\u0159ed v\u00e1no\u010dn\u00edmi a velikono\u010dn\u00edmi sv\u00e1tky. M\u016f\u017eete m\u00edt ov\u0161em v\u011bne\u010dek na dve\u0159\u00edch um\u00edst\u011bn\u00fd st\u00e1le, v\u011bnce jsou symbolem jednoty a v\u011b\u010dn\u00e9ho \u017eivota a mohou lidem otev\u00edrat mysl a srdce. Vysok\u00e1 v\u00e1za \u2013 um\u011bl\u00e9 kv\u011btiny do vysok\u00e9 v\u00e1zy um\u00ed b\u00fdt velice p\u016fsobivou bytovou dekorac\u00ed nap\u0159\u00edklad v roz\u00edch m\u00edstnosti, kde dob\u0159e kontrastuj\u00ed s okol\u00edm, jako je malba st\u011bn, podlahov\u00e1 krytina \u010di n\u00e1bytek. Vhodn\u00fdmi kandid\u00e1ty jsou v tomto p\u0159\u00edpad\u011b slune\u010dnice, zlat\u00fd d\u00e9\u0161\u0165, chryzant\u00e9my nebo gerbery. Rostliny vypadaj\u00ed velmi dekorativn\u011b, jsou jako \u017eiv\u00e9 a doporu\u010dujeme je um\u00edstit do v\u00e1zy kontrastn\u00edch barev, tedy nap\u0159\u00edklad slune\u010dnice a zlat\u00fd d\u00e9\u0161\u0165 kr\u00e1sn\u011b vyniknou v blankytn\u011b modr\u00e9 nebo \u010derven\u00e9 v\u00e1ze, nikoli ve \u017elut\u00e9.Pracovn\u00ed st\u016fl \u2013 na v\u00e1\u0161 pracovn\u00ed st\u016fl se hod\u00ed \u017eiv\u00e1 pokojov\u00e1 rostlina, ale chcete-li tam um\u00edstit i rostliny um\u011bl\u00e9, pro\u010d ne? Mohou se tu dob\u0159e vyj\u00edmat nap\u0159\u00edklad hortenzie, karafi\u00e1ty, tulip\u00e1ny, vl\u010d\u00ed m\u00e1ky, narcisy nebo kopretiny. Um\u011bl\u00e9 kv\u011btiny m\u016f\u017eete um\u00edstit i tam, kde je jen m\u00e1lo denn\u00edho sv\u011btla, nevy\u017eaduj\u00ed \u017e\u00e1dn\u00e9 um\u011bl\u00e9 osv\u011btlen\u00ed, ani z\u00e1livku \u010di p\u0159ihnojov\u00e1n\u00ed, je to jen kus plastick\u00e9 hmoty, kter\u00fd jako \u017eiv\u00e1 rostlina vypad\u00e1.                                                                                                                                                                                                                                                                                                                                                                                          4\/5 - (3 votes)        "},{"@context":"https:\/\/schema.org\/","@type":"BreadcrumbList","itemListElement":[{"@type":"ListItem","position":1,"name":"Bytov\u00e9 dekorace s um\u011bl\u00fdmi kv\u011btinami","item":"https:\/\/www.adarda.cz\/bytove-dekorace-s-umelymi-kvetinami\/#breadcrumbitem"}]}]