[{"@context":"https:\/\/schema.org\/","@type":"Article","@id":"https:\/\/www.adarda.cz\/ani-slevy-nejsou-vsechno\/#Article","mainEntityOfPage":"https:\/\/www.adarda.cz\/ani-slevy-nejsou-vsechno\/","headline":"Ani slevy nejsou v\u0161echno","name":"Ani slevy nejsou v\u0161echno","description":"Pamatuj\u00ed doby, kdy m\u011bly obchody u stejn\u00e9ho zbo\u017e\u00ed prakticky st\u00e1le stejn\u00e9 ceny. Do obchodu zavezli zbo\u017e\u00ed za ur\u010dit\u00e9 pen\u00edze, nasadili na toto p\u0159ir\u00e1\u017eku, kter\u00e1 jim sta\u010dila, aby se obchod u\u017eivil a aby to z\u00e1kazn\u00edci akceptovali, a pak se obchodovalo. Lid\u00e9 sem chodili s p\u0159edstavou toho, co si koup\u00ed a na kolik je to vyjde. A [&hellip;]","datePublished":"2023-02-23","dateModified":"2023-04-25","author":{"@type":"Person","@id":"https:\/\/www.adarda.cz\/author\/#Person","name":"","url":"https:\/\/www.adarda.cz\/author\/","identifier":1,"image":{"@type":"ImageObject","@id":"https:\/\/secure.gravatar.com\/avatar\/82449f5dd313bdc88befc1a2d3138ce45c5e7d5eeee84221e3cf7fbc184b80d3?s=96&d=mm&r=g","url":"https:\/\/secure.gravatar.com\/avatar\/82449f5dd313bdc88befc1a2d3138ce45c5e7d5eeee84221e3cf7fbc184b80d3?s=96&d=mm&r=g","height":96,"width":96}},"publisher":{"@type":"Organization","name":"adarda.cz","logo":{"@type":"ImageObject","@id":"\/logo.png","url":"\/logo.png","width":600,"height":60}},"image":{"@type":"ImageObject","@id":"https:\/\/www.adarda.cz\/wp-content\/uploads\/money-2183482_960_720.jpg","url":"https:\/\/www.adarda.cz\/wp-content\/uploads\/money-2183482_960_720.jpg","height":0,"width":0},"url":"https:\/\/www.adarda.cz\/ani-slevy-nejsou-vsechno\/","about":["Ekonomika"],"wordCount":485,"articleBody":"   Pamatuj\u00ed doby, kdy m\u011bly obchody u stejn\u00e9ho zbo\u017e\u00ed prakticky st\u00e1le stejn\u00e9 ceny. Do obchodu zavezli zbo\u017e\u00ed za ur\u010dit\u00e9 pen\u00edze, nasadili na toto p\u0159ir\u00e1\u017eku, kter\u00e1 jim sta\u010dila, aby se obchod u\u017eivil a aby to z\u00e1kazn\u00edci akceptovali, a pak se obchodovalo. Lid\u00e9 sem chodili s p\u0159edstavou toho, co si koup\u00ed a na kolik je to vyjde. A by\u0165 se ob\u010das n\u011bco zdra\u017eilo, nikdo moc neremcal.Pak p\u0159i\u0161la doba slevov\u00fdch akc\u00ed. Na po\u010d\u00e1tku pochopiteln\u011b pln\u00e1 nedostatk\u016f, kter\u00e9 m\u011bla i pro n\u00e1s z\u00e1kazn\u00edky. Co\u017e tvrd\u00edm z vlastn\u00ed zku\u0161enosti. P\u0159edpisy a z\u00e1kony na to tehdy nebyly p\u0159ipraven\u00e9, a tak se tu \u010dasto i podv\u00e1d\u011blo, i provozovaly r\u016fzn\u00e9 nekal\u00e9 praktiky. Co\u017e t\u0159eba v m\u00e9m p\u0159\u00edpad\u011b znamenalo, \u017ee kdy\u017e bylo n\u011bco zlevn\u011bno, mohl jsem si b\u00fdt jist, \u017ee ne\u017e se vr\u00e1t\u00edm z pr\u00e1ce, u\u017e to v reg\u00e1lech nebude. A bude tam na m\u011b \u010dekat jenom to drah\u00e9. Proto\u017ee kdy\u017e u\u017e jsem do obchodu p\u0159i\u0161el, p\u0159ece neodejdu s pr\u00e1zdnou!To u\u017e dnes neb\u00fdv\u00e1. Dnes u\u017e i ak\u010dn\u00ed zbo\u017e\u00ed ve zm\u00edn\u011bn\u00e9m nezm\u00edn\u011bn\u00e9m obchod\u011b se\u017eenu. Ale pochopiteln\u011b se tu \u0161vindluje i nad\u00e1le, jen jinak, tak, aby to nebylo pr\u00e1vn\u011b napadnuteln\u00e9. Co\u017e zn\u00e1te v\u0161ichni. Zat\u00edmco se tu p\u00e1r v\u011bc\u00ed nab\u00edz\u00ed za ni\u017e\u0161\u00ed ne\u017e b\u011b\u017en\u011b v\u00eddan\u00e9 ceny, vedle nich jsou v\u011bci, kter\u00e9 se sou\u010dasn\u011b nab\u00edzej\u00ed za ceny, za jak\u00e9 je snad nikdo soudn\u00fd nekoup\u00ed. A to pochopiteln\u011b proto, aby se tyto \u010dasem \u201azlevnily\u2018 na p\u0159\u00edzniv\u011bji vypadaj\u00edc\u00ed cenu, kter\u00e1 ale p\u0159esto citeln\u011b p\u0159evy\u0161uje ceny, na jak\u00e9 jsem tu byl za ta dlouh\u00e1 l\u00e9ta zvykl\u00fd.Dvakr\u00e1t t\u00fddn\u011b se tu ty ceny m\u011bn\u00ed. A tak p\u0159ich\u00e1z\u00edm dvakr\u00e1t t\u00fddn\u011b s t\u00edm, \u017ee vlastn\u011b nev\u00edm, co si koup\u00edm. Co bude cenov\u011b p\u0159ijateln\u00e9, proto\u017ee nejsem dojn\u00e1 kr\u00e1va, abych platil za to, co si napl\u00e1nuji, nepl\u00e1novan\u011b vysokou cenu. A to u\u017e ani nemluv\u011b o tom, kolikr\u00e1t se v n\u011bkter\u00e9 \u010d\u00e1sti obchodu zaseknu, proto\u017ee tam ucpou uli\u010dku lid\u00e9 hledaj\u00edc\u00ed podle cenovek n\u011bco moment\u00e1ln\u011b akceptovateln\u00e9ho.Prost\u011b se mi ty pohyby cen nel\u00edb\u00ed. A st\u00e1le \u010dast\u011bji chod\u00edm ke konkurenci, kde b\u00fdv\u00e1 sice dr\u00e1\u017e, ale stabiln\u011bji. Kde ceny nepoletuj\u00ed extr\u00e9mn\u011b nahoru a dol\u016f. A pr\u00fd v tom nejsem s\u00e1m. Pr\u00fd i ostatn\u00ed lid\u00e9 si nep\u0159ej\u00ed \u010dasto m\u011bnit ceny za zbo\u017e\u00ed. A v\u016fbec se jim nediv\u00edm. T\u0159eba i jenom proto, \u017ee nedok\u00e1\u017eu posoudit, nakolik m\u011b vlastn\u011b kter\u00fd obchodn\u00edk kdy bere na h\u016fl.                                                                                                                                                                                                                                                                                                                                                                                          4.9\/5 - (7 votes)        "},{"@context":"https:\/\/schema.org\/","@type":"BreadcrumbList","itemListElement":[{"@type":"ListItem","position":1,"name":"Ani slevy nejsou v\u0161echno","item":"https:\/\/www.adarda.cz\/ani-slevy-nejsou-vsechno\/#breadcrumbitem"}]}]